{"id":8697,"date":"2024-10-20T20:53:23","date_gmt":"2024-10-20T20:53:23","guid":{"rendered":"https:\/\/kunstunterricht.ch\/e\/?p=8697"},"modified":"2024-11-27T23:29:13","modified_gmt":"2024-11-27T23:29:13","slug":"farbmischung-farbkugel","status":"publish","type":"post","link":"https:\/\/kunstunterricht.ch\/e\/farbmischung-farbkugel\/","title":{"rendered":"Farbmischung \u2013 Farbkugel"},"content":{"rendered":"\n<p>In dieser \u00dcbung mischst du die Farbwerte zu einer vorgedruckten Farbkugel analog mit Malfarben und Malpinsel.<\/p>\n\n\n\n<!--more-->\n\n\n\n<h3 class=\"wp-block-heading\">Ziele<\/h3>\n\n\n\n<ul class=\"wp-block-list\">\n<li>Anwendung und \u00dcberpr\u00fcfung der Farbenlehre<\/li>\n\n\n\n<li>Verbesserung zur F\u00e4higkeit der Farbausmischung und Farbbestimmung<\/li>\n<\/ul>\n\n\n\n<h3 class=\"wp-block-heading\">Vorkenntnisse<\/h3>\n\n\n\n<ul class=\"wp-block-list\">\n<li>Informiere dich \u00fcber die <a href=\"https:\/\/kunstunterricht.ch\/e\/dossier-farbe-form-textur\/#farbe\" data-type=\"post\" data-id=\"599\">Farbordnung<\/a><\/li>\n\n\n\n<li>Informiere dich \u00fcber die <a href=\"https:\/\/de.wikipedia.org\/wiki\/Farbkugel\">Farbkugel<\/a><\/li>\n<\/ul>\n\n\n\n<h3 class=\"wp-block-heading\">Auftrag<\/h3>\n\n\n\n<p>Entscheide dich f\u00fcr eine Farbkugel mit oder ohne Einschnitt. Lade eine dieser Malvorlagen herunter und drucke diese aus. F\u00fclle mit den subtraktiven Grundfarben Cyan, Magnet und Gelb sowie den achromatischen Farben Schwarz und Weiss die Malvorlage aus. Die Farbkugel kannst du nur von einer Seite erblicken &#8211; entscheide selbst, welche Seite du darstellen m\u00f6chtest. Die optischen \u00dcberg\u00e4nge von einem zum n\u00e4chsten Farbfeld m\u00fcssen auf jeden Fall stets konstant sein. Achtung: Die optische Mitte zweier Farbwerte ergibt sich nicht selbstverst\u00e4ndlich aus einem Mischverh\u00e4ltnis von 1 zu 1!<\/p>\n\n\n\n<p>Begutachte nun dein Resultat und halte deine Erfahrungen fest: Welcher Bereich war deiner Meinung nach am Schwierigsten zu mischen? Welche Farben waren im Mischverh\u00e4ltnis dominant? Wie m\u00fcsste f\u00fcr ein besseres Resultat die Malvorlage optimiert werden?<\/p>\n\n\n\n<div class=\"wp-block-columns is-layout-flex wp-container-core-columns-is-layout-28f84493 wp-block-columns-is-layout-flex\">\n<div class=\"wp-block-column is-layout-flow wp-block-column-is-layout-flow\">\n<figure class=\"wp-block-image size-large\"><img loading=\"lazy\" decoding=\"async\" width=\"981\" height=\"1024\" src=\"https:\/\/kunstunterricht.ch\/e\/wp-content\/uploads\/2024\/10\/Kunstunterricht.ch_Farbkugel-981x1024.png\" alt=\"\" class=\"wp-image-8701\" srcset=\"https:\/\/kunstunterricht.ch\/e\/wp-content\/uploads\/2024\/10\/Kunstunterricht.ch_Farbkugel-981x1024.png 981w, https:\/\/kunstunterricht.ch\/e\/wp-content\/uploads\/2024\/10\/Kunstunterricht.ch_Farbkugel-287x300.png 287w, https:\/\/kunstunterricht.ch\/e\/wp-content\/uploads\/2024\/10\/Kunstunterricht.ch_Farbkugel-768x802.png 768w, https:\/\/kunstunterricht.ch\/e\/wp-content\/uploads\/2024\/10\/Kunstunterricht.ch_Farbkugel-1471x1536.png 1471w, https:\/\/kunstunterricht.ch\/e\/wp-content\/uploads\/2024\/10\/Kunstunterricht.ch_Farbkugel.png 1500w\" sizes=\"auto, (max-width: 981px) 100vw, 981px\" \/><\/figure>\n<\/div>\n\n\n\n<div class=\"wp-block-column is-layout-flow wp-block-column-is-layout-flow\">\n<figure class=\"wp-block-image size-large\"><img loading=\"lazy\" decoding=\"async\" width=\"981\" height=\"1024\" src=\"https:\/\/kunstunterricht.ch\/e\/wp-content\/uploads\/2024\/10\/Kunstunterricht.ch_Farbkugel_mit_Einschnitt-981x1024.png\" alt=\"\" class=\"wp-image-8702\" srcset=\"https:\/\/kunstunterricht.ch\/e\/wp-content\/uploads\/2024\/10\/Kunstunterricht.ch_Farbkugel_mit_Einschnitt-981x1024.png 981w, https:\/\/kunstunterricht.ch\/e\/wp-content\/uploads\/2024\/10\/Kunstunterricht.ch_Farbkugel_mit_Einschnitt-287x300.png 287w, https:\/\/kunstunterricht.ch\/e\/wp-content\/uploads\/2024\/10\/Kunstunterricht.ch_Farbkugel_mit_Einschnitt-768x802.png 768w, https:\/\/kunstunterricht.ch\/e\/wp-content\/uploads\/2024\/10\/Kunstunterricht.ch_Farbkugel_mit_Einschnitt-1471x1536.png 1471w, https:\/\/kunstunterricht.ch\/e\/wp-content\/uploads\/2024\/10\/Kunstunterricht.ch_Farbkugel_mit_Einschnitt.png 1500w\" sizes=\"auto, (max-width: 981px) 100vw, 981px\" \/><\/figure>\n<\/div>\n<\/div>\n\n\n\n<h3 class=\"wp-block-heading\">Kriterien<\/h3>\n\n\n\n<ul class=\"wp-block-list\">\n<li>Konstante optische \u00dcberg\u00e4nge von Farbfeld zu Farbfeld<\/li>\n\n\n\n<li>Pr\u00e4ziser und konsistenter Farbauftrag (homogen, deckend und nicht w\u00e4ssrig oder pastos)<\/li>\n\n\n\n<li>Diskussionsf\u00e4higkeit<\/li>\n<\/ul>\n\n\n\n<h3 class=\"wp-block-heading\">Vorgaben\/Material<\/h3>\n\n\n\n<ul class=\"wp-block-list\">\n<li>Ausdruck auf mind. 200 gr. Hochweisspapier<\/li>\n\n\n\n<li>Pinsel, Gouachefarben oder Acrylfarben (Cyan, Magenta und Gelb), Wasserschale, Malpalette, Mallappen und Testpapier<\/li>\n<\/ul>\n\n\n\n<div style=\"height:59px\" aria-hidden=\"true\" class=\"wp-block-spacer\"><\/div>\n\n\n\n<hr class=\"wp-block-separator has-alpha-channel-opacity\"\/>\n\n\n\n<pre class=\"wp-block-preformatted\">Beitragsbild: Farbkugel von P. O. Runge, 1810 (gemeinfrei via <a href=\"https:\/\/de.wikipedia.org\/wiki\/Farbkugel#\/media\/Datei:Runge_Farbenkugel.jpg\">wp<\/a>)<\/pre>\n","protected":false},"excerpt":{"rendered":"<p>In dieser \u00dcbung mischst du die Farbwerte zu einer vorgedruckten Farbkugel analog mit Malfarben und Malpinsel.<\/p>\n","protected":false},"author":1,"featured_media":9150,"comment_status":"closed","ping_status":"closed","sticky":false,"template":"","format":"standard","meta":{"_acf_changed":false,"footnotes":""},"categories":[15],"tags":[],"class_list":["post-8697","post","type-post","status-publish","format-standard","has-post-thumbnail","hentry","category-auftraege"],"acf":[],"_links":{"self":[{"href":"https:\/\/kunstunterricht.ch\/e\/wp-json\/wp\/v2\/posts\/8697","targetHints":{"allow":["GET"]}}],"collection":[{"href":"https:\/\/kunstunterricht.ch\/e\/wp-json\/wp\/v2\/posts"}],"about":[{"href":"https:\/\/kunstunterricht.ch\/e\/wp-json\/wp\/v2\/types\/post"}],"author":[{"embeddable":true,"href":"https:\/\/kunstunterricht.ch\/e\/wp-json\/wp\/v2\/users\/1"}],"replies":[{"embeddable":true,"href":"https:\/\/kunstunterricht.ch\/e\/wp-json\/wp\/v2\/comments?post=8697"}],"version-history":[{"count":2,"href":"https:\/\/kunstunterricht.ch\/e\/wp-json\/wp\/v2\/posts\/8697\/revisions"}],"predecessor-version":[{"id":8703,"href":"https:\/\/kunstunterricht.ch\/e\/wp-json\/wp\/v2\/posts\/8697\/revisions\/8703"}],"wp:featuredmedia":[{"embeddable":true,"href":"https:\/\/kunstunterricht.ch\/e\/wp-json\/wp\/v2\/media\/9150"}],"wp:attachment":[{"href":"https:\/\/kunstunterricht.ch\/e\/wp-json\/wp\/v2\/media?parent=8697"}],"wp:term":[{"taxonomy":"category","embeddable":true,"href":"https:\/\/kunstunterricht.ch\/e\/wp-json\/wp\/v2\/categories?post=8697"},{"taxonomy":"post_tag","embeddable":true,"href":"https:\/\/kunstunterricht.ch\/e\/wp-json\/wp\/v2\/tags?post=8697"}],"curies":[{"name":"wp","href":"https:\/\/api.w.org\/{rel}","templated":true}]}}