{"id":6497,"date":"2023-11-23T15:38:29","date_gmt":"2023-11-23T15:38:29","guid":{"rendered":"https:\/\/kunstunterricht.ch\/e\/?p=6497"},"modified":"2025-11-25T08:46:13","modified_gmt":"2025-11-25T08:46:13","slug":"uncover-the-cover","status":"publish","type":"post","link":"https:\/\/kunstunterricht.ch\/e\/uncover-the-cover\/","title":{"rendered":"Uncover the Cover"},"content":{"rendered":"\n<p>In dieser Aufgabe f\u00fchrst du eine praktische Werkanalyse von Coverdesigns durch. F\u00fcr einmal wirst du nicht, wie so oft im Kunstunterricht, ein kunsthistorisches Werk mit Bez\u00fcgen zur heutigen Welt erschliessen, sondern umgekehrt ein profanes Designprodukt von heute mit Werken aus der Kunstgeschichte.<\/p>\n\n\n\n<!--more-->\n\n\n\n<h3 class=\"wp-block-heading\">Ziel\/ Kompetenzen<\/h3>\n\n\n\n<ul class=\"wp-block-list\">\n<li>F\u00f6rderung der Visual Literacy (Bildkompetenz) mit Fokus Werkrezeption<\/li>\n\n\n\n<li>Verstehen, dass gestalterische Erzeugnisse von heute Bez\u00fcge zur Kunst- und Kulturgeschichte haben<\/li>\n<\/ul>\n\n\n\n<h3 class=\"wp-block-heading\">Vorarbeit<\/h3>\n\n\n\n<ul class=\"wp-block-list\">\n<li>Kenntnisse von Werken aus der <a href=\"https:\/\/kunstunterricht.ch\/e\/geschichte-der-malerei\/\" data-type=\"post\" data-id=\"404\">Geschichte der Malerei<\/a><\/li>\n\n\n\n<li>Kenntnisse der <a href=\"https:\/\/kunstunterricht.ch\/e\/grundlagen\/#grundlagen\">Grundelemente<\/a> und deren <a href=\"https:\/\/kunstunterricht.ch\/e\/dossier-ordnung-und-konzepte\/#kontrast\">Ordnung<\/a> und <a href=\"https:\/\/kunstunterricht.ch\/e\/dossier-ordnung-und-konzepte\/#konzepte\">Konzepte<\/a> (z.B. Fokus auf Kontraste, Komposition, Modus) sowie vom <a href=\"https:\/\/kunstunterricht.ch\/e\/dossier-kontext\/#kulturgut\">kulturellen Kontext<\/a><\/li>\n\n\n\n<li>Siehe weiter auch das <a href=\"https:\/\/kunstunterricht.ch\/e\/modul-training-kunstgeschichte-und-medienwelt\/\" data-type=\"post\" data-id=\"4718\">Modul: Training Kunstgeschichte und Medienwelt<\/a><\/li>\n<\/ul>\n\n\n\n<h3 class=\"wp-block-heading\">Auftrag<\/h3>\n\n\n\n<p>W\u00e4hle als Ausgangsbild f\u00fcr deine praktische Werkanalyse ein historisches oder aktuelles und bekanntes Musik-, Film- oder Gamedesign-Cover (Eckdaten notieren). Erstelle eine praktische Werkanalyse und bereite diese medial auf.<\/p>\n\n\n\n<p>Greife die Aspekte aus dem folgenden Katalog zum eigenen Ausgangscover heraus und visualisiere diese (visuelle Vermittlung sowie Stichworte zur Beschreibung und Interpretation). \u00dcberzeuge in deiner Analysekompetenz durch fundierte visuelle und stichwortartige Aussagen, pr\u00e4zisen Fachbegriffen und \u00fcberrasche mit weiteren kreativen und nachvollziehbaren Bez\u00fcgen.<\/p>\n\n\n\n<ul class=\"wp-block-list\">\n<li>Zwei ikonographische Bildreferenzen (inkl. Kerndaten)<\/li>\n\n\n\n<li>Eine ikonographische Skulpturreferenz (inkl. Kerndaten)<\/li>\n\n\n\n<li>Kernbotschaft des Covers aus den Referenzen ableiten<\/li>\n\n\n\n<li>Ausgef\u00fcllter Spider zum <a href=\"https:\/\/kunstunterricht.ch\/e\/aesthetischer-modus\/\">\u00e4sthetischen Modus<\/a><\/li>\n\n\n\n<li>Farbpalette inkl. Fachbegriffe (evtl. auch zu Texturen und Formen)<\/li>\n\n\n\n<li>Weitere visuelle \u00c4usserungen und Stichworte, welche spielerisch das Cover geschickt beschreiben und interpretieren (zu formalen oder inhaltlichen Aspekte, deren Komposition, Konzepte wie Werkfunktion, Bildrhetorik, emotionale Tonalit\u00e4t, Hinweise zum Verfahren oder kulturellen Kontext)<\/li>\n\n\n\n<li>evtl. erweiterte Bildreferenzen aus Pop-Kultur (inkl. Kerndaten)<\/li>\n\n\n\n<li>evtl. Links oder QR-Codes zu weiteren Assoziationen<\/li>\n<\/ul>\n\n\n\n<h3 class=\"wp-block-heading\">Material\/ Verfahren<\/h3>\n\n\n\n<p>Je nach Vorgabe folgende Abgabe:<\/p>\n\n\n\n<ul id=\"block-d7984d7f-6984-4664-bad5-7f8bed006771\" class=\"wp-block-list\">\n<li>Digitales Plakat mit Ai, PDF Export (Standard), Upload in definierten Ordner<\/li>\n\n\n\n<li>Digitales Plakat mit Fr, PDF Export (Standard), Upload in definierten Ordner<\/li>\n\n\n\n<li>Kleine Website mit Imagemaps und anderen Links, url an Lehrperson<\/li>\n\n\n\n<li>Analoges Plakat mit Zeichnungen, aufgeklebten Prints, QR-Codes etc. (A3)<\/li>\n<\/ul>\n\n\n\n<h3 class=\"wp-block-heading\">Kriterien<\/h3>\n\n\n\n<p>(Die Kriterien verstehen sich insb. visuell, d.h. auf die Bildbez\u00fcge, visuellen \u00c4usserungen sowie pr\u00e4gnanten Fachbegriffen)<\/p>\n\n\n\n<ul class=\"wp-block-list\">\n<li><strong>Deskription<\/strong>: Beschreibungen sind relevant und pr\u00e4zise<\/li>\n\n\n\n<li><strong>Interpretation<\/strong>: Deutung von Form und Inhalt treffen und \u00fcberraschen&nbsp;<\/li>\n\n\n\n<li><strong>Visuelle Aufmachung<\/strong>: nachvollziehbar und gestalterisch gekonnt<\/li>\n\n\n\n<li>Gesamteindruck B\/M (Einhaltung der Vorgaben, Unerwartetes, \u2026)&nbsp;<\/li>\n<\/ul>\n\n\n\n<div style=\"height:69px\" aria-hidden=\"true\" class=\"wp-block-spacer\"><\/div>\n\n\n\n<hr class=\"wp-block-separator has-alpha-channel-opacity\"\/>\n\n\n\n<pre class=\"wp-block-preformatted\">Beitragsbild: \u00dcbungsbeispiel aus dem Unterricht zu einem Gamedesign-Cover (work in progress)<\/pre>\n","protected":false},"excerpt":{"rendered":"<p>In dieser Aufgabe f\u00fchrst du eine praktische Werkanalyse von Coverdesigns durch. F\u00fcr einmal wirst du nicht, wie so oft im Kunstunterricht, ein kunsthistorisches Werk mit Bez\u00fcgen zur heutigen Welt erschliessen, sondern umgekehrt ein profanes Designprodukt von heute mit Werken aus der Kunstgeschichte.<\/p>\n","protected":false},"author":1,"featured_media":6511,"comment_status":"closed","ping_status":"closed","sticky":false,"template":"","format":"standard","meta":{"_acf_changed":false,"footnotes":""},"categories":[15],"tags":[],"class_list":["post-6497","post","type-post","status-publish","format-standard","has-post-thumbnail","hentry","category-auftraege"],"acf":[],"_links":{"self":[{"href":"https:\/\/kunstunterricht.ch\/e\/wp-json\/wp\/v2\/posts\/6497","targetHints":{"allow":["GET"]}}],"collection":[{"href":"https:\/\/kunstunterricht.ch\/e\/wp-json\/wp\/v2\/posts"}],"about":[{"href":"https:\/\/kunstunterricht.ch\/e\/wp-json\/wp\/v2\/types\/post"}],"author":[{"embeddable":true,"href":"https:\/\/kunstunterricht.ch\/e\/wp-json\/wp\/v2\/users\/1"}],"replies":[{"embeddable":true,"href":"https:\/\/kunstunterricht.ch\/e\/wp-json\/wp\/v2\/comments?post=6497"}],"version-history":[{"count":13,"href":"https:\/\/kunstunterricht.ch\/e\/wp-json\/wp\/v2\/posts\/6497\/revisions"}],"predecessor-version":[{"id":10876,"href":"https:\/\/kunstunterricht.ch\/e\/wp-json\/wp\/v2\/posts\/6497\/revisions\/10876"}],"wp:featuredmedia":[{"embeddable":true,"href":"https:\/\/kunstunterricht.ch\/e\/wp-json\/wp\/v2\/media\/6511"}],"wp:attachment":[{"href":"https:\/\/kunstunterricht.ch\/e\/wp-json\/wp\/v2\/media?parent=6497"}],"wp:term":[{"taxonomy":"category","embeddable":true,"href":"https:\/\/kunstunterricht.ch\/e\/wp-json\/wp\/v2\/categories?post=6497"},{"taxonomy":"post_tag","embeddable":true,"href":"https:\/\/kunstunterricht.ch\/e\/wp-json\/wp\/v2\/tags?post=6497"}],"curies":[{"name":"wp","href":"https:\/\/api.w.org\/{rel}","templated":true}]}}