{"id":604,"date":"2020-03-18T20:58:58","date_gmt":"2020-03-18T20:58:58","guid":{"rendered":"https:\/\/kunstunterricht.ch\/e\/2020\/03\/18\/natuerlich-kuenstlich\/"},"modified":"2025-07-11T00:13:12","modified_gmt":"2025-07-11T00:13:12","slug":"natuerlich-kuenstlich","status":"publish","type":"post","link":"https:\/\/kunstunterricht.ch\/e\/natuerlich-kuenstlich\/","title":{"rendered":"Nat\u00fcrlich &#8211; K\u00fcnstlich"},"content":{"rendered":"\n<p>In diesem Auftrag setzen sie sich fotografisch mit dem Begriff &#8222;Natur&#8220; auseinander.<\/p>\n\n\n\n<!--more-->\n\n\n\n<h3 class=\"wp-block-heading\">Ziele<\/h3>\n\n\n\n<ul class=\"wp-block-list\">\n<li>F\u00f6rderung der Unterscheidung von Idee und Umsetzung<\/li>\n\n\n\n<li>Reflexion \u00fcber die Wirkung fotografischer Mittel<\/li>\n\n\n\n<li>Reflexion \u00fcber die Frage &#8222;Was ist Natur?&#8220;<\/li>\n<\/ul>\n\n\n\n<h3 class=\"wp-block-heading\">Auftrag<\/h3>\n\n\n\n<p>Entwickeln Sie eine fotografische Arbeit, die sich mit der Unterscheidung von \u201eNat\u00fcrlich\u201c und \u201eK\u00fcnstlich\u201c auseinandersetzt. Je mehr man \u00fcber dieses Begriffspaar nachdenkt, desto schwieriger wird die Unterscheidung. Was f\u00fcr einen Aspekt m\u00f6chten Sie mit ihrer Arbeit beleuchten? Dokumentieren Sie ein Sujet, das im Grenzbereich liegt? Oder inszenieren Sie ihre Fotografie? Braucht es eine Serie, um ihre Idee sichtbar zu machen? etc.<br>In der Umsetzung sind Sie frei, \u00fcberlegen Sie jedoch genau, wie die gestalterischen Mittel Betrachterstandpunkt, Komposition, Licht und Sch\u00e4rfe ihre Idee am besten unterst\u00fctzen.<br>Besprechen Sie ihre Ideenskizze vor der Ausf\u00fchrung.<\/p>\n\n\n\n<h3 class=\"wp-block-heading\">Kriterien<\/h3>\n\n\n\n<ul class=\"wp-block-list\">\n<li>Originalit\u00e4t der Konzeptidee<\/li>\n\n\n\n<li>Einsatz der gestalterischen Mittel (Betrachterstandpunkt, Komposition, Licht und Sch\u00e4rfe)<\/li>\n<\/ul>\n\n\n\n<h3 class=\"wp-block-heading\">Beispiele<\/h3>\n\n\n\n<figure class=\"wp-block-image size-large\"><img loading=\"lazy\" decoding=\"async\" width=\"683\" height=\"1024\" src=\"https:\/\/kunstunterricht.ch\/e\/wp-content\/uploads\/2020\/03\/natuerlich_kuenstlich3-683x1024.jpg\" alt=\"\" class=\"wp-image-5144\" srcset=\"https:\/\/kunstunterricht.ch\/e\/wp-content\/uploads\/2020\/03\/natuerlich_kuenstlich3-683x1024.jpg 683w, https:\/\/kunstunterricht.ch\/e\/wp-content\/uploads\/2020\/03\/natuerlich_kuenstlich3-200x300.jpg 200w, https:\/\/kunstunterricht.ch\/e\/wp-content\/uploads\/2020\/03\/natuerlich_kuenstlich3-768x1152.jpg 768w, https:\/\/kunstunterricht.ch\/e\/wp-content\/uploads\/2020\/03\/natuerlich_kuenstlich3.jpg 1000w\" sizes=\"auto, (max-width: 683px) 100vw, 683px\" \/><\/figure>\n\n\n\n<figure class=\"wp-block-image size-full\"><img loading=\"lazy\" decoding=\"async\" width=\"1000\" height=\"732\" src=\"https:\/\/kunstunterricht.ch\/e\/wp-content\/uploads\/2020\/03\/natuerlich_kuenstlich2.jpg\" alt=\"\" class=\"wp-image-5143\" srcset=\"https:\/\/kunstunterricht.ch\/e\/wp-content\/uploads\/2020\/03\/natuerlich_kuenstlich2.jpg 1000w, https:\/\/kunstunterricht.ch\/e\/wp-content\/uploads\/2020\/03\/natuerlich_kuenstlich2-300x220.jpg 300w, https:\/\/kunstunterricht.ch\/e\/wp-content\/uploads\/2020\/03\/natuerlich_kuenstlich2-768x562.jpg 768w\" sizes=\"auto, (max-width: 1000px) 100vw, 1000px\" \/><\/figure>\n\n\n\n<h3 class=\"wp-block-heading\">Weiterf\u00fchrende Links<\/h3>\n\n\n\n<p>Eine sch\u00f6ne fotografische Auseinandersetzung mit dem Thema &#8222;Nat\u00fcrlich-k\u00fcnstlich&#8220; ist die Serie &#8222;<a href=\"http:\/\/www.thomasstruth32.com\/smallsize\/photographs\/new_pictures_from_paradise\/index.html\" target=\"_blank\" rel=\"noopener\">Paradise<\/a>&#8220; von Thomas Struth.<\/p>\n\n\n\n<hr class=\"wp-block-separator has-alpha-channel-opacity\"\/>\n\n\n\n<pre class=\"wp-block-preformatted\">Beitragsbilder: Sch\u00fcler:innenarbeiten<\/pre>\n","protected":false},"excerpt":{"rendered":"<p>In diesem Auftrag setzen sie sich fotografisch mit dem Begriff &#8222;Natur&#8220; auseinander.<\/p>\n","protected":false},"author":3,"featured_media":5142,"comment_status":"open","ping_status":"open","sticky":false,"template":"","format":"standard","meta":{"_acf_changed":false,"footnotes":""},"categories":[15],"tags":[44,39],"class_list":["post-604","post","type-post","status-publish","format-standard","has-post-thumbnail","hentry","category-auftraege","tag-dramaturgie","tag-fotografie"],"acf":[],"_links":{"self":[{"href":"https:\/\/kunstunterricht.ch\/e\/wp-json\/wp\/v2\/posts\/604","targetHints":{"allow":["GET"]}}],"collection":[{"href":"https:\/\/kunstunterricht.ch\/e\/wp-json\/wp\/v2\/posts"}],"about":[{"href":"https:\/\/kunstunterricht.ch\/e\/wp-json\/wp\/v2\/types\/post"}],"author":[{"embeddable":true,"href":"https:\/\/kunstunterricht.ch\/e\/wp-json\/wp\/v2\/users\/3"}],"replies":[{"embeddable":true,"href":"https:\/\/kunstunterricht.ch\/e\/wp-json\/wp\/v2\/comments?post=604"}],"version-history":[{"count":5,"href":"https:\/\/kunstunterricht.ch\/e\/wp-json\/wp\/v2\/posts\/604\/revisions"}],"predecessor-version":[{"id":10421,"href":"https:\/\/kunstunterricht.ch\/e\/wp-json\/wp\/v2\/posts\/604\/revisions\/10421"}],"wp:featuredmedia":[{"embeddable":true,"href":"https:\/\/kunstunterricht.ch\/e\/wp-json\/wp\/v2\/media\/5142"}],"wp:attachment":[{"href":"https:\/\/kunstunterricht.ch\/e\/wp-json\/wp\/v2\/media?parent=604"}],"wp:term":[{"taxonomy":"category","embeddable":true,"href":"https:\/\/kunstunterricht.ch\/e\/wp-json\/wp\/v2\/categories?post=604"},{"taxonomy":"post_tag","embeddable":true,"href":"https:\/\/kunstunterricht.ch\/e\/wp-json\/wp\/v2\/tags?post=604"}],"curies":[{"name":"wp","href":"https:\/\/api.w.org\/{rel}","templated":true}]}}