{"id":571,"date":"2016-03-10T08:47:08","date_gmt":"2016-03-10T08:47:08","guid":{"rendered":"https:\/\/kunstunterricht.ch\/e\/2016\/03\/10\/der-schokoladen-laden\/"},"modified":"2023-06-09T21:59:14","modified_gmt":"2023-06-09T21:59:14","slug":"der-schokoladen-laden","status":"publish","type":"post","link":"https:\/\/kunstunterricht.ch\/e\/der-schokoladen-laden\/","title":{"rendered":"Der Schokoladen-Laden"},"content":{"rendered":"\n<p>In diesem Auftrag entwickelt die Klasse verschiedenste kreative Schokoladenprodukte, die im Anschluss an der Schule in einem eigenen Laden inszeniert oder sogar in den Schulkiosk oder Supermarkt hinein geschmuggelt werden k\u00f6nnten. Nat\u00fcrlich geht es vordergr\u00fcndig (nur) um das Verpackungs- und Grafikdesign. Dennoch l\u00e4uft jetzt schon das Wasser im Munde zusammen.<\/p>\n\n\n\n<!--more-->\n\n\n\n<p>Nicht nur im Schokoladen-Land Schweiz werden immer wieder neue, s\u00fcsse Produkte entwickelt. Neben den Klassikern entstehen so teils ausgefallene, \u00fcberraschende bis scheinbar absurde Produkte. Es scheint aber, dass die M\u00f6glichkeiten noch nicht ausgereizt sind, an welcher Stelle wir ins Spiel kommen.<\/p>\n\n\n\n<p><\/p>\n\n\n\n<figure class=\"wp-block-table\"><table><tbody><tr><td><a title=\"By Anonymous [Public domain], via Wikimedia Commons\" href=\"https:\/\/commons.wikimedia.org\/wiki\/File%3AMujer_vertiendo_chocolate_-_Codex_Tudela.jpg\"><img loading=\"lazy\" decoding=\"async\" src=\"https:\/\/upload.wikimedia.org\/wikipedia\/commons\/thumb\/f\/ff\/Mujer_vertiendo_chocolate_-_Codex_Tudela.jpg\/256px-Mujer_vertiendo_chocolate_-_Codex_Tudela.jpg\" alt=\"Mujer vertiendo chocolate - Codex Tudela\" width=\"214\" height=\"350\"><\/a><\/td><td>&nbsp;<\/td><td><a title=\"By Oriel (Own work) [Public domain], via Wikimedia Commons\" href=\"https:\/\/commons.wikimedia.org\/wiki\/File%3AQuetzalcoatlsculptuur_Callebaut.JPG\"><img decoding=\"async\" src=\"https:\/\/upload.wikimedia.org\/wikipedia\/commons\/thumb\/5\/59\/Quetzalcoatlsculptuur_Callebaut.JPG\/256px-Quetzalcoatlsculptuur_Callebaut.JPG\" alt=\"Quetzalcoatlsculptuur Callebaut\" width=\"256\"><\/a><\/td><\/tr><tr><td><address>&nbsp;Eine Aztekin verarbeitet Cacao, ca. 1515, Museo de Am\u00e9rica, Madrid<\/address><\/td><td><address>&nbsp;<\/address><\/td><td><address>&nbsp;Entstehung einer Schokoladenspulptur an einem Anlass in Belgien, 2007<\/address><\/td><\/tr><\/tbody><\/table><\/figure>\n\n\n\n<h1 class=\"wp-block-heading\">Ziele<\/h1>\n\n\n\n<ul class=\"wp-block-list\">\n<li>Einarbeitung in das Thema Verpackungsdesign. Dadurch sollen insbesondere die Kompetenzen in der visuellen Kommunikation, im Bereich Grafikdesign und dem dreidimensionalen Arbeiten gef\u00f6rdert werden aber auch eine Sensibilisierung zum Thema Produktewelt und Konsum stattfinden<\/li>\n\n\n\n<li>F\u00f6rderung der Kreativit\u00e4t und Projektkompetenzen im Prozess von Gestaltungsprojekten<\/li>\n\n\n\n<li>Vertiefung in der Benutzung von Gestaltungsprogrammen<\/li>\n<\/ul>\n\n\n\n<h1 class=\"wp-block-heading\">Vorkenntnisse<\/h1>\n\n\n\n<ul class=\"wp-block-list\">\n<li>Erste Erfahrungen im Bereich visuelle Kommunikation sind n\u00f6tig (Plakatgestaltung, Layout\u00fcbungen, Typografie oder dergleichen)<\/li>\n\n\n\n<li>Erste Erfahrungen im Umgang mit Vektorgrafik- und Pixelbildprogrammen sind von Vorteil<\/li>\n<\/ul>\n\n\n\n<h1 class=\"wp-block-heading\">Auftrag<\/h1>\n\n\n\n<p>Analysiere und diskutiere als Erstes eine Verpackung vom aktuellen Markt, die dich neugierig gemacht hat. In der Analyse setzt du den Fokus auf den Verpackungsinhalt (der Schokolade) im Vergleich zur Beschriftung und zur Grafik (Typografie, Farben, Bilder) sowie zur Verpackung als Objekt (Form, Funktion, Abwicklung). Wie korrespondieren diese Elemente? Welche Versprechen, welches Gef\u00fchl, welche Tr\u00e4ume kauft man mit dieser Verpackung?<\/p>\n\n\n\n<p>Nach einer kreativen Produktfindung (evtl. mit Plastilin zu modellieren) sollst du eine Verpackung aus Papier entwickeln, die den Inhalt, die Marke und ein Gef\u00fchl gestalterisch entsprechend transportiert. Nutze die Erkenntnisse der vorangehenden Analyseresultate f\u00fcr dein eigenes Produkt und ziehe im Gestaltungsprozess auch weitere Verpackungen bei, die dir helfen, dein eigenes Produkt zu entwickeln. In diesem Auftrag gibt es zwei M\u00f6glichkeiten: Entweder du entwickelst ernsthaft ein Produktvorschlag f\u00fcr den aktuellen Markt mit definiertem Zielpublikum oder du f\u00fcgst mit deinem Produkt eine auf den ersten Blick visuell getarnte aber inhaltlich scharfe Gesellschaftskritik an.<\/p>\n\n\n\n<h1 class=\"wp-block-heading\">Ablauf<\/h1>\n\n\n\n<ol class=\"wp-block-list\">\n<li>Inhaltliches Konzept entwickeln und parallel Scribbles zur visuellen Kommunikation des Produktes erstellen<\/li>\n\n\n\n<li>Dreidimensionales Modell mit Papier und Schere entwickeln und Entwurfslayout mit Farbstiften anbringen (Gestaltungskonzept f\u00fcr Farben, Motive, Layoutraster, Schriften und grafische Elemente)<\/li>\n\n\n\n<li>Netzabwicklung der Verpackung am Computer mit Vektorprogramm in eigener Bildebene ausarbeiten (Test: printen, schneiden, kleben)<\/li>\n\n\n\n<li>Text und Motive in eine neue Bildebene grob setzen (als Platzhalter k\u00f6nnen hier noch Bilder vom Web genutzt werden)<\/li>\n\n\n\n<li>Grafische Umsetzung (Reinlayout inkl. eigene nachbearbeitete Fotos und\/oder separat vorbereitete Vektordateien)<\/li>\n\n\n\n<li>Dreidimensionale Realisierung (Print-, Falt und Klebearbeit) und Abgabe zusammenstellen<\/li>\n<\/ol>\n\n\n\n<h1 class=\"wp-block-heading\">Abgabe\/Material<\/h1>\n\n\n\n<ol class=\"wp-block-list\">\n<li>Geprintetes, zweidimensionales Reinlayout, in dem die Netzabwicklung, die Schnitt- sowie Faltmarken sichtbar sind (A4-Inkjet)<\/li>\n\n\n\n<li>Dreidimensionale Verpackung mit Papier (geprintet, geschnitten und geklebt)<\/li>\n\n\n\n<li>Kurzes und pr\u00e4gnantes schriftliches Gestaltungskonzept (Deskription) mit der beabsichtigten Wirkung (Interpretation)<\/li>\n<\/ol>\n\n\n\n<h1 class=\"wp-block-heading\">Kriterien<\/h1>\n\n\n\n<ol class=\"wp-block-list\">\n<li><strong>\u00c4usseres Design\/visuell-kommunikativer Aspekt:<\/strong> das Produkt soll visuell kommunizieren, dass es sich um eine Schokolade handelt sowie jene Wirkung, Funktion und Geschmack hat, die im Konzept und auf der Verpackung versprochen werden bzw. zu erwarten sind, Vorhandensein aller Elemente einer Verpackung und Nachvollziehbarkeit des Produkts (klares inhaltliches Konzept, kreative L\u00f6sung)<\/li>\n\n\n\n<li><strong>Inneres Design\/dem Produkt entsprechende grafische Ordnung:<\/strong> klare grafische Ausarbeitung (Proportionen, Farben, Ausrichtungen, Layout, Weissr\u00e4ume&#8230;) und gestalterische Koh\u00e4renz (Zusammenhang, roter Faden) aber auch typografische Lesbarkeit (Fontwahl, Schriftgr\u00f6sse und -schnitt, Textanordnung)<\/li>\n\n\n\n<li><strong>Aspekte der Verpackung als Objekt:<\/strong> sinnvolle Form, Gr\u00f6sse, Funktion (Verschluss) inkl. Abwicklungsnetz mit Schnitt- und Faltmarken, handwerkliche Ausf\u00fchrung<\/li>\n<\/ol>\n","protected":false},"excerpt":{"rendered":"<p>In diesem Auftrag entwickelt die Klasse verschiedenste kreative Schokoladenprodukte, die im Anschluss an der Schule in einem eigenen Laden inszeniert oder sogar in den Schulkiosk oder Supermarkt hinein geschmuggelt werden k\u00f6nnten. Nat\u00fcrlich geht es vordergr\u00fcndig (nur) um das Verpackungs- und Grafikdesign. Dennoch l\u00e4uft jetzt schon das Wasser im Munde zusammen.<\/p>\n","protected":false},"author":1,"featured_media":3241,"comment_status":"open","ping_status":"open","sticky":false,"template":"","format":"standard","meta":{"_acf_changed":false,"footnotes":""},"categories":[15],"tags":[],"class_list":["post-571","post","type-post","status-publish","format-standard","has-post-thumbnail","hentry","category-auftraege"],"acf":[],"_links":{"self":[{"href":"https:\/\/kunstunterricht.ch\/e\/wp-json\/wp\/v2\/posts\/571","targetHints":{"allow":["GET"]}}],"collection":[{"href":"https:\/\/kunstunterricht.ch\/e\/wp-json\/wp\/v2\/posts"}],"about":[{"href":"https:\/\/kunstunterricht.ch\/e\/wp-json\/wp\/v2\/types\/post"}],"author":[{"embeddable":true,"href":"https:\/\/kunstunterricht.ch\/e\/wp-json\/wp\/v2\/users\/1"}],"replies":[{"embeddable":true,"href":"https:\/\/kunstunterricht.ch\/e\/wp-json\/wp\/v2\/comments?post=571"}],"version-history":[{"count":2,"href":"https:\/\/kunstunterricht.ch\/e\/wp-json\/wp\/v2\/posts\/571\/revisions"}],"predecessor-version":[{"id":3242,"href":"https:\/\/kunstunterricht.ch\/e\/wp-json\/wp\/v2\/posts\/571\/revisions\/3242"}],"wp:featuredmedia":[{"embeddable":true,"href":"https:\/\/kunstunterricht.ch\/e\/wp-json\/wp\/v2\/media\/3241"}],"wp:attachment":[{"href":"https:\/\/kunstunterricht.ch\/e\/wp-json\/wp\/v2\/media?parent=571"}],"wp:term":[{"taxonomy":"category","embeddable":true,"href":"https:\/\/kunstunterricht.ch\/e\/wp-json\/wp\/v2\/categories?post=571"},{"taxonomy":"post_tag","embeddable":true,"href":"https:\/\/kunstunterricht.ch\/e\/wp-json\/wp\/v2\/tags?post=571"}],"curies":[{"name":"wp","href":"https:\/\/api.w.org\/{rel}","templated":true}]}}