{"id":569,"date":"2015-09-17T09:02:27","date_gmt":"2015-09-17T09:02:27","guid":{"rendered":"https:\/\/kunstunterricht.ch\/e\/2015\/09\/17\/farbfunktionen\/"},"modified":"2024-09-02T11:57:07","modified_gmt":"2024-09-02T11:57:07","slug":"farbfunktionen","status":"publish","type":"post","link":"https:\/\/kunstunterricht.ch\/e\/farbfunktionen\/","title":{"rendered":"Farbfunktionen"},"content":{"rendered":"\n<p>Bei den Farbfunktionen handelt es sich um Gestaltungsfunktionen der Farbe. Hier werden die wichtigsten Funktionen aufgelistet. F\u00fcr eine Weiterf\u00fchrung siehe den Beitrag <a href=\"https:\/\/kunstunterricht.ch\/e\/gestaltungsfunktionen\/\">Gestaltungsfunktionen<\/a>.<\/p>\n\n\n\n<!--more-->\n\n\n<table>\n<tbody>\n<tr>\n<td style=\"width: 30px;\" valign=\"top\"><strong>Gegenstandsfarbe<\/strong> (Nachahmung 1)<\/td>\n<td>\u00a0<\/td>\n<td style=\"width: 250px;\" valign=\"top\">Stilisierte Materialfarbe des Dargestellten Objekts (sozusagen das gescannte Material ohne Umgebungslicht).\n<p>Im Bild <a href=\"https:\/\/commons.wikimedia.org\/wiki\/File:Fant%C3%B4mas_-_Juan_Gris.JPG#\/media\/File:Fant%C3%B4mas_-_Juan_Gris.JPG\">Fant\u00f4mas<\/a> (1915) konzentriert sich <a class=\"extiw\" title=\"de:Juan Gris\" href=\"\/\/de.wikipedia.org\/wiki\/Juan_Gris\">Juan Gris<\/a> auf den Wert der Materialfarbe (<a href=\"\/\/commons.wikimedia.org\/wiki\/\">wm<\/a>).<\/p>\n<\/td>\n<td>\u00a0<\/td>\n<td><a href=\"https:\/\/commons.wikimedia.org\/wiki\/File:Fant%C3%B4mas_-_Juan_Gris.JPG#\/media\/File:Fant%C3%B4mas_-_Juan_Gris.JPG\"><img loading=\"lazy\" decoding=\"async\" src=\"https:\/\/upload.wikimedia.org\/wikipedia\/commons\/3\/3e\/Fant%C3%B4mas_-_Juan_Gris.JPG\" alt=\"Fant\u00f4mas - Juan Gris.JPG\" width=\"184\" height=\"145\" \/><\/a><\/td>\n<\/tr>\n<tr>\n<td valign=\"top\">\u00a0<\/td>\n<td>\u00a0<\/td>\n<td valign=\"top\">\u00a0<\/td>\n<td>\u00a0<\/td>\n<td>\u00a0<\/td>\n<\/tr>\n<tr>\n<td valign=\"top\">\n<p><strong>Lokalfarbe<\/strong><br \/>(Nachahmung 2)<\/p>\n<\/td>\n<td valign=\"top\">\u00a0<\/td>\n<td valign=\"top\">Materialfarbe mit lokaler Lichtgebung (Spitzlicht, Eigenschatten, Reflexionen, farbiges Umgebungslicht \u00fcberstr\u00f6men die Gegenstandsfarbe).\n<p>Fra Angelico modelliert den Felsen und die Drapierung der Gew\u00e4nder in seinem Bild <a href=\"https:\/\/commons.wikimedia.org\/wiki\/File:Angelico,_noli_me_tangere.jpg#\/media\/File:Angelico,_noli_me_tangere.jpg\">noli me tangere<\/a> (um 1440) mit Licht und Schatten (<a href=\"https:\/\/commons.wikimedia.org\/wiki\/\">wm<\/a>).<\/p>\n<\/td>\n<td>\u00a0<\/td>\n<td><a href=\"https:\/\/commons.wikimedia.org\/wiki\/File:Angelico,_noli_me_tangere.jpg#\/media\/File:Angelico,_noli_me_tangere.jpg\"><img loading=\"lazy\" decoding=\"async\" src=\"https:\/\/upload.wikimedia.org\/wikipedia\/commons\/4\/44\/Angelico%2C_noli_me_tangere.jpg\" alt=\"Angelico, noli me tangere.jpg\" width=\"135\" height=\"177\" \/><\/a><\/td>\n<\/tr>\n<tr>\n<td>\u00a0<\/td>\n<td>\u00a0<\/td>\n<td>\u00a0<\/td>\n<td>\u00a0<\/td>\n<td>\u00a0<\/td>\n<\/tr>\n<tr>\n<td valign=\"top\">\n<p><strong>Erscheinungsfarbe<\/strong><br \/>(Nachahmung 3)<\/p>\n<\/td>\n<td valign=\"top\">\u00a0<\/td>\n<td valign=\"top\">Gegenstandsfarbe bzw. Lokalfarbe in atmosph\u00e4rischer Adaption (Farbperspektive: heller, k\u00e4lter, tr\u00fcber).\n<p>Im Gem\u00e4lde <a href=\"https:\/\/commons.wikimedia.org\/wiki\/File:Paul_C%C3%A9zanne_116.jpg#\/media\/File:Paul_C%C3%A9zanne_116.jpg\">Montagne Sainte-Victoire, von der Umgebung bei Gardanne aus gesehen<\/a> (1886-1890) konzentriert sich <a class=\"extiw\" title=\"de:Paul C\u00e9zanne\" href=\"\/\/de.wikipedia.org\/wiki\/Paul_C%C3%A9zanne\">Paul C\u00e9zanne<\/a> im Bildhintergrund auf die Farbperspektive (<a href=\"https:\/\/commons.wikimedia.org\/wiki\/File:Hameau_\u00e0_Payennet_pr\u00e8s_de_Gardanne,_par_Paul_C\u00e9zanne.jpg#\">wm<\/a>).<\/p>\n<\/td>\n<td>\u00a0<\/td>\n<td><a href=\"https:\/\/commons.wikimedia.org\/wiki\/File:Hameau_%C3%A0_Payennet_pr%C3%A8s_de_Gardanne,_par_Paul_C%C3%A9zanne.jpg#\/media\/File:Paul_C%C3%A9zanne_116.jpg\"><img decoding=\"async\" src=\"https:\/\/upload.wikimedia.org\/wikipedia\/commons\/thumb\/3\/3c\/Hameau_\u00e0_Payennet_pr\u00e8s_de_Gardanne,_par_Paul_C\u00e9zanne.jpg\/320px-Hameau_\u00e0_Payennet_pr\u00e8s_de_Gardanne,_par_Paul_C\u00e9zanne.jpg\" alt=\"\" \/><\/a><\/td>\n<\/tr>\n<tr>\n<td>\u00a0<\/td>\n<td>\u00a0<\/td>\n<td>\u00a0<\/td>\n<td>\u00a0<\/td>\n<td>\u00a0<\/td>\n<\/tr>\n<tr>\n<td valign=\"top\"><strong>Symbolfarbe<\/strong><br \/>(Bedeutung)<\/td>\n<td valign=\"top\">\u00a0<\/td>\n<td valign=\"top\">Farbeinsatz versteht sich symbolisch (rote Fahne steht in der westlichen Welt vom 20. Jh. f\u00fcr Kommunismus).\n<p>Das rote Kissen auf das Amor kniet in der <a href=\"https:\/\/commons.wikimedia.org\/wiki\/File:Angelo_Bronzino_001.jpg#\/media\/File:Angelo_Bronzino_001.jpg\">Allegorie der Liebe<\/a> (1550) von <a class=\"extiw\" title=\"de:Agnolo Bronzino\" href=\"\/\/de.wikipedia.org\/wiki\/Agnolo_Bronzino\">Agnolo Bronzino<\/a> symbolisiert die Wollust (<a href=\"https:\/\/commons.wikimedia.org\/wiki\/\">wm<\/a>).<\/p>\n<\/td>\n<td>\u00a0<\/td>\n<td><a href=\"https:\/\/de.wikipedia.org\/wiki\/Allegorie_der_Liebe\"><img loading=\"lazy\" decoding=\"async\" src=\"https:\/\/upload.wikimedia.org\/wikipedia\/commons\/thumb\/8\/83\/Angelo_Bronzino_-_Venus%2C_Cupid%2C_Folly_and_Time_-_National_Gallery%2C_London.jpg\/380px-Angelo_Bronzino_-_Venus%2C_Cupid%2C_Folly_and_Time_-_National_Gallery%2C_London.jpg\" alt=\"\" width=\"135\" height=\"172\" \/><\/a><\/td>\n<\/tr>\n<tr>\n<td>\u00a0<\/td>\n<td>\u00a0<\/td>\n<td>\u00a0<\/td>\n<td>\u00a0<\/td>\n<td>\u00a0<\/td>\n<\/tr>\n<tr>\n<td valign=\"top\"><strong>Wirk- oder Ausdrucksfarbe<\/strong><br \/>(Wirkung)<\/td>\n<td valign=\"top\">\u00a0<\/td>\n<td valign=\"top\">Farbe wird psychologisch oder physiologisch eingesetzt (blau k\u00fchlt einen Raum oder ein Komplement\u00e4rkontrast irritiert die Augen).\n<p>Die Mimesisfunktion der Farbe und Form tritt in <a class=\"extiw\" title=\"de:Edvard Munch\" href=\"\/\/de.wikipedia.org\/wiki\/Edvard_Munch\">Edvard Munchs<\/a> <a href=\"http:\/\/commons.wikimedia.org\/wiki\/File:The_Scream.jpg#mediaviewer\/File:The_Scream.jpg\">Der Schrei<\/a> (1893) zugunsten der Wirkfunktion zur\u00fcck (<a href=\"\/\/commons.wikimedia.org\/wiki\/\">wm<\/a>).<\/p>\n<\/td>\n<td>\u00a0<\/td>\n<td><a href=\"http:\/\/commons.wikimedia.org\/wiki\/File:The_Scream.jpg#mediaviewer\/File:The_Scream.jpg\"><img loading=\"lazy\" decoding=\"async\" src=\"http:\/\/upload.wikimedia.org\/wikipedia\/commons\/f\/f4\/The_Scream.jpg\" alt=\"The Scream.jpg\" width=\"129\" height=\"163\" \/><\/a><\/td>\n<\/tr>\n<tr>\n<td>\u00a0<\/td>\n<td>\u00a0<\/td>\n<td>\u00a0<\/td>\n<td>\u00a0<\/td>\n<td>\u00a0<\/td>\n<\/tr>\n<tr>\n<td valign=\"top\"><strong>Absolute Farbe<\/strong><\/td>\n<td valign=\"top\">\u00a0<\/td>\n<td valign=\"top\">Die Farbe ist selbstreferentiell und stellt nur sich selbst dar. (Schwarz ist einfach nur Schwarz)\n<p>Auch das <a href=\"https:\/\/commons.wikimedia.org\/wiki\/File:SchwarzesQuadrat.jpeg#\/media\/File:SchwarzesQuadrat.jpeg\">Schwarze Quadrat<\/a> (1915) von <a class=\"extiw\" title=\"de:Kasimir Sewerinowitsch Malewitsch\" href=\"\/\/de.wikipedia.org\/wiki\/Kasimir_Sewerinowitsch_Malewitsch\">Kasimir Sewerinowitsch Malewitsch<\/a> stellt somit nur sich selbst dar (<a href=\"https:\/\/commons.wikimedia.org\/wiki\/\">wm<\/a>).<\/p>\n<\/td>\n<td>\u00a0<\/td>\n<td><a href=\"https:\/\/commons.wikimedia.org\/wiki\/File:SchwarzesQuadrat.jpeg#\/media\/File:SchwarzesQuadrat.jpeg\"><img loading=\"lazy\" decoding=\"async\" src=\"https:\/\/upload.wikimedia.org\/wikipedia\/commons\/a\/a9\/SchwarzesQuadrat.jpeg\" alt=\"SchwarzesQuadrat.jpeg\" width=\"167\" height=\"167\" \/><\/a><\/td>\n<\/tr>\n<tr>\n<td>\u00a0<\/td>\n<td>\u00a0<\/td>\n<td>\u00a0<\/td>\n<td>\u00a0<\/td>\n<td>\u00a0<\/td>\n<\/tr>\n<\/tbody>\n<\/table>\n\n\n<h4 class=\"wp-block-heading\">Weiterf\u00fchrende Links<\/h4>\n\n\n\n<ul class=\"wp-block-list\">\n<li>Frau Schimpf: <a href=\"https:\/\/www.youtube.com\/watch?v=OfsEMHZigWk\">Farbe als Gestaltungsmittel (Farbfunktionen)<\/a> (YouTube, 9:28 min)<\/li>\n<\/ul>\n","protected":false},"excerpt":{"rendered":"<p>Bei den Farbfunktionen handelt es sich um Gestaltungsfunktionen der Farbe. Hier werden die wichtigsten Funktionen aufgelistet. F\u00fcr eine Weiterf\u00fchrung siehe den Beitrag Gestaltungsfunktionen.<\/p>\n","protected":false},"author":1,"featured_media":3842,"comment_status":"closed","ping_status":"closed","sticky":false,"template":"","format":"standard","meta":{"_acf_changed":false,"footnotes":""},"categories":[84],"tags":[],"class_list":["post-569","post","type-post","status-publish","format-standard","has-post-thumbnail","hentry","category-theorie"],"acf":[],"_links":{"self":[{"href":"https:\/\/kunstunterricht.ch\/e\/wp-json\/wp\/v2\/posts\/569","targetHints":{"allow":["GET"]}}],"collection":[{"href":"https:\/\/kunstunterricht.ch\/e\/wp-json\/wp\/v2\/posts"}],"about":[{"href":"https:\/\/kunstunterricht.ch\/e\/wp-json\/wp\/v2\/types\/post"}],"author":[{"embeddable":true,"href":"https:\/\/kunstunterricht.ch\/e\/wp-json\/wp\/v2\/users\/1"}],"replies":[{"embeddable":true,"href":"https:\/\/kunstunterricht.ch\/e\/wp-json\/wp\/v2\/comments?post=569"}],"version-history":[{"count":12,"href":"https:\/\/kunstunterricht.ch\/e\/wp-json\/wp\/v2\/posts\/569\/revisions"}],"predecessor-version":[{"id":8688,"href":"https:\/\/kunstunterricht.ch\/e\/wp-json\/wp\/v2\/posts\/569\/revisions\/8688"}],"wp:featuredmedia":[{"embeddable":true,"href":"https:\/\/kunstunterricht.ch\/e\/wp-json\/wp\/v2\/media\/3842"}],"wp:attachment":[{"href":"https:\/\/kunstunterricht.ch\/e\/wp-json\/wp\/v2\/media?parent=569"}],"wp:term":[{"taxonomy":"category","embeddable":true,"href":"https:\/\/kunstunterricht.ch\/e\/wp-json\/wp\/v2\/categories?post=569"},{"taxonomy":"post_tag","embeddable":true,"href":"https:\/\/kunstunterricht.ch\/e\/wp-json\/wp\/v2\/tags?post=569"}],"curies":[{"name":"wp","href":"https:\/\/api.w.org\/{rel}","templated":true}]}}