{"id":568,"date":"2015-09-17T07:44:33","date_gmt":"2015-09-17T07:44:33","guid":{"rendered":"https:\/\/kunstunterricht.ch\/e\/2015\/09\/17\/mediale-moeglichkeiten-der-gestaltung-und-kunst\/"},"modified":"2023-07-25T10:02:51","modified_gmt":"2023-07-25T10:02:51","slug":"mediale-moeglichkeiten-der-gestaltung-und-kunst","status":"publish","type":"post","link":"https:\/\/kunstunterricht.ch\/e\/mediale-moeglichkeiten-der-gestaltung-und-kunst\/","title":{"rendered":"Mediale M\u00f6glichkeiten der Gestaltung und Kunst"},"content":{"rendered":"\n<p>Im Folgenden werden einige mediale M\u00f6glichkeiten der Gestaltung und Kunst aufgelistet.<\/p>\n\n\n\n<!--more-->\n\n\n<p>Die konservative Gliederung in die f\u00fcnf vorgeschlagenen Gruppen ist p\u00e4dagogisch motiviert und verzichtet auf Vollst\u00e4ndigkeit oder durchgehende Stringenz. Sie kann aber in einer Ausgangslage zur Praxis, Refelxion und Diskussion nach wie vor hilfreich sein. Zu unterscheiden ist die Pr\u00e4sentation von der Produktion. Hinter einem zur Pr\u00e4sentation verwendeten Medium verbergen sich oftmals andere Medien, die im Prozess der Produktion zum Einsatz gekommen sind und sich teils im Resultat nicht mehr aufdr\u00e4ngen. Zu den medialen M\u00f6glichkeiten z\u00e4hlen etwa:<\/p>\n<ol>\n<li><strong>Analoge Bilder<\/strong> (Malerei, Zeichnung, Druckgrafik, Piktogramme, Schrift, Collage, Frottage, Mosaik, Relief, Assemblage&#8230;)<\/li>\n<li><strong>Analoge Objekte<\/strong> (Skulptur als subtraktive, Plastik als additive Technik, ready-made\/ objet trouv\u00e9, Objektkunst, kinetische Kunst&#8230;)<\/li>\n<li><strong>Neue Medien<\/strong> (Fotografie, Film\/ Video, Animation, digitales\/ virtuelles Bild, Web, interaktive Medien, Hologramme, CAD, Print,\u00a03D-Druck&#8230;)<\/li>\n<li><strong>Raumbezogene Medien<\/strong> (Enviroment, Installation, Landart\/ Naturkunst, Kunst am Bau&#8230;)<\/li>\n<li><strong>Handlungsbezogene Medien<\/strong> (Aktionskunst, Performence, Happening, Intervention, Soziale Plastik, Netzkunst&#8230;)<\/li>\n<\/ol>\n<p>Die f\u00fcnf Gruppen lassen sich auch untereinander kombinieren, wie dies in einer Videoperformance oder interaktiven Installation zum Ausdruck kommt. \u00dcber diese vorgeschlagene Gliederung hinaus lassen sich die Medien auch mit anderen Begriffspaaren ordnen, wie statisch vs. bewegt oder Konzeptkunst vs. &#8222;retinale&#8220; Kunst (Duchamp) etc.<\/p>\n<table>\n<tbody>\n<tr>\n<td style=\"width: 290px;\"><a title=\"Rainer Rappmann www.fiu-verlag.com [GFDL (http:\/\/www.gnu.org\/copyleft\/fdl.html) or CC-BY-SA-3.0 (http:\/\/creativecommons.org\/licenses\/by-sa\/3.0\/)], via Wikimedia Commons\" href=\"https:\/\/commons.wikimedia.org\/wiki\/File:BeuysAchberg78.jpg\"><img loading=\"lazy\" decoding=\"async\" src=\"https:\/\/upload.wikimedia.org\/wikipedia\/commons\/9\/9b\/BeuysAchberg78.jpg\" alt=\"BeuysAchberg78\" width=\"261\" height=\"180\" \/><\/a><\/td>\n<td style=\"width: 15px;\">\u00a0<\/td>\n<td style=\"width: 325px;\"><a title=\"Sculpture: Robert Smithson 1938-1973Image:Soren.harward at en.wikipedia [Public domain or CC BY-SA 2.0 (https:\/\/creativecommons.org\/licenses\/by-sa\/2.0)], via Wikimedia Commons\" href=\"https:\/\/commons.wikimedia.org\/wiki\/File:Spiral-jetty-from-rozel-point.png\"><img loading=\"lazy\" decoding=\"async\" src=\"https:\/\/upload.wikimedia.org\/wikipedia\/commons\/8\/84\/Spiral-jetty-from-rozel-point.png\" alt=\"Spiral-jetty-from-rozel-point\" width=\"315\" height=\"177\" \/><\/a><\/td>\n<td style=\"width: 15px;\">\u00a0<\/td>\n<td style=\"width: 250px;\"><a title=\"Michael [CC BY 2.0 (https:\/\/creativecommons.org\/licenses\/by\/2.0)], via Wikimedia Commons\" href=\"https:\/\/commons.wikimedia.org\/wiki\/File:Olafur_Eliasson%27s_Waterfalls_under_the_Brooklyn_Bridge.jpg\"><img loading=\"lazy\" decoding=\"async\" src=\"https:\/\/upload.wikimedia.org\/wikipedia\/commons\/thumb\/1\/18\/Olafur_Eliasson%27s_Waterfalls_under_the_Brooklyn_Bridge.jpg\/512px-Olafur_Eliasson%27s_Waterfalls_under_the_Brooklyn_Bridge.jpg\" alt=\"Olafur Eliasson's Waterfalls under the Brooklyn Bridge\" width=\"243\" height=\"182\" \/><\/a><\/td>\n<\/tr>\n<tr>\n<td valign=\"top\"><em>Performa<\/em><em>nce von Joseph Beuys mit seiner Vorlesung &#8222;Jeder Mensch ein K\u00fcnstler &#8211; Auf dem Weg zur Freiheitsgestalt des sozialen Organismus&#8220;, 1978 (Foto CC: Rainer Rappmann)<\/em><\/td>\n<td>\u00a0<\/td>\n<td valign=\"top\"><em>Landart von Robert Smithson, Spiral Jetty, 1970 (Foto CC: Soren.harward, 2005)<\/em><\/td>\n<td>\u00a0<\/td>\n<td valign=\"top\"><em>Installation von Olafur Eliasson, The New York City Waterfalls, 2008 (Foto CC: Michael Daddino)<\/em><\/td>\n<\/tr>\n<\/tbody>\n<\/table>","protected":false},"excerpt":{"rendered":"<p>Im Folgenden werden einige mediale M\u00f6glichkeiten der Gestaltung und Kunst aufgelistet.<\/p>\n","protected":false},"author":1,"featured_media":3854,"comment_status":"open","ping_status":"open","sticky":false,"template":"","format":"standard","meta":{"_acf_changed":false,"footnotes":""},"categories":[84],"tags":[],"class_list":["post-568","post","type-post","status-publish","format-standard","has-post-thumbnail","hentry","category-theorie"],"acf":[],"_links":{"self":[{"href":"https:\/\/kunstunterricht.ch\/e\/wp-json\/wp\/v2\/posts\/568","targetHints":{"allow":["GET"]}}],"collection":[{"href":"https:\/\/kunstunterricht.ch\/e\/wp-json\/wp\/v2\/posts"}],"about":[{"href":"https:\/\/kunstunterricht.ch\/e\/wp-json\/wp\/v2\/types\/post"}],"author":[{"embeddable":true,"href":"https:\/\/kunstunterricht.ch\/e\/wp-json\/wp\/v2\/users\/1"}],"replies":[{"embeddable":true,"href":"https:\/\/kunstunterricht.ch\/e\/wp-json\/wp\/v2\/comments?post=568"}],"version-history":[{"count":3,"href":"https:\/\/kunstunterricht.ch\/e\/wp-json\/wp\/v2\/posts\/568\/revisions"}],"predecessor-version":[{"id":3855,"href":"https:\/\/kunstunterricht.ch\/e\/wp-json\/wp\/v2\/posts\/568\/revisions\/3855"}],"wp:featuredmedia":[{"embeddable":true,"href":"https:\/\/kunstunterricht.ch\/e\/wp-json\/wp\/v2\/media\/3854"}],"wp:attachment":[{"href":"https:\/\/kunstunterricht.ch\/e\/wp-json\/wp\/v2\/media?parent=568"}],"wp:term":[{"taxonomy":"category","embeddable":true,"href":"https:\/\/kunstunterricht.ch\/e\/wp-json\/wp\/v2\/categories?post=568"},{"taxonomy":"post_tag","embeddable":true,"href":"https:\/\/kunstunterricht.ch\/e\/wp-json\/wp\/v2\/tags?post=568"}],"curies":[{"name":"wp","href":"https:\/\/api.w.org\/{rel}","templated":true}]}}