{"id":567,"date":"2015-05-28T08:20:57","date_gmt":"2015-05-28T08:20:57","guid":{"rendered":"https:\/\/kunstunterricht.ch\/e\/2015\/05\/28\/pavillon-skulptur\/"},"modified":"2024-03-07T16:14:12","modified_gmt":"2024-03-07T16:14:12","slug":"pavillon-skulptur","status":"publish","type":"post","link":"https:\/\/kunstunterricht.ch\/e\/pavillon-skulptur\/","title":{"rendered":"Pavillon-Skulptur"},"content":{"rendered":"\n<p>In diesem Auftrag stellst du dein r\u00e4umliches Vorstellungs- und Darstellungsverm\u00f6gen unter Beweis.<\/p>\n\n\n\n<!--more-->\n\n\n\n<h3 class=\"wp-block-heading\">Vor\u00fcbungen\/ Theorie<\/h3>\n\n\n\n<ul class=\"wp-block-list\">\n<li><a href=\"index.php?option=com_content&amp;view=article&amp;id=99;parallelperspektive-kurz-und-knapp&amp;catid=40;alle-grundlagen&amp;Itemid=73\">Parallelprojektion<\/a> bzw. <a href=\"https:\/\/kunstunterricht.ch\/e\/punktperspektive-kurz-und-knapp\/\" data-type=\"post\" data-id=\"253\">Fluchtpunktperspektive<\/a> (gem\u00e4ss Vorgabe)<\/li>\n\n\n\n<li>Verschiedene zeichnerische \u00dcbungen z.B. zu Architektur, M\u00f6beldesign etc.<\/li>\n\n\n\n<li>Werkbetrachtung von <a href=\"http:\/\/www.wikiart.org\/en\/max-bill\">Max Bills<\/a> architektonischen, skulpturalen und malerischen Arbeiten (siehe auch <a href=\"http:\/\/de.wikipedia.org\/wiki\/Z%C3%BCrcher_Schule_der_Konkreten\">Z\u00fcrcher Schule der Konkreten<\/a>)<\/li>\n<\/ul>\n\n\n\n<div class=\"wp-block-columns is-layout-flex wp-container-core-columns-is-layout-28f84493 wp-block-columns-is-layout-flex\">\n<div class=\"wp-block-column is-layout-flow wp-block-column-is-layout-flow\">\n<figure class=\"wp-block-image\"><a href=\"http:\/\/commons.wikimedia.org\/wiki\/File:1955_Foto-HansGConrad_HfGUlm_Architekt-MaxBill.jpg#\/media\/File:1955_Foto-HansGConrad_HfGUlm_Architekt-MaxBill.jpg\"><img decoding=\"async\" src=\"http:\/\/upload.wikimedia.org\/wikipedia\/commons\/b\/bc\/1955_Foto-HansGConrad_HfGUlm_Architekt-MaxBill.jpg\" alt=\"1955 Foto-HansGConrad HfGUlm Architekt-MaxBill.jpg\"\/><\/a><\/figure>\n\n\n\n<p><a href=\"http:\/\/commons.wikimedia.org\/wiki\/File:1955_Foto-HansGConrad_HfGUlm_Architekt-MaxBill.jpg#\/media\/File:1955_Foto-HansGConrad_HfGUlm_Architekt-MaxBill.jpg\">Hochschule f\u00fcr Gestaltung Ulm, 1951, Architekt Max Bill<\/a> (Foto: Hans G. Conrad \/ Ren\u00e9 Spitz, lizenziert unter CC BY-SA 3.0 \u00fcber Wikimedia Commons)<\/p>\n<\/div>\n\n\n\n<div class=\"wp-block-column is-layout-flow wp-block-column-is-layout-flow\">\n<figure class=\"wp-block-image\"><a href=\"http:\/\/commons.wikimedia.org\/wiki\/File%3APavillon-Skulptur_Max_Bill_01.jpg\"><img decoding=\"async\" src=\"\/\/upload.wikimedia.org\/wikipedia\/commons\/thumb\/7\/70\/Pavillon-Skulptur_Max_Bill_01.jpg\/512px-Pavillon-Skulptur_Max_Bill_01.jpg\" alt=\"Pavillon-Skulptur Max Bill 01\"\/><\/a><\/figure>\n\n\n\n<p><a href=\"http:\/\/commons.wikimedia.org\/wiki\/File:Pavillon-Skulptur_Max_Bill_01.jpg#file\">Pavillon-Skulptur<\/a>, Z\u00fcrcher Bahnhofstrasse, 1983, Max Bill (Foto: D. Lobo, lizenziert unter CC 2.0 \u00fcber Wikimedia Commons)<\/p>\n<\/div>\n\n\n\n<div class=\"wp-block-column is-layout-flow wp-block-column-is-layout-flow\">\n<figure class=\"wp-block-image\"><a href=\"http:\/\/commons.wikimedia.org\/wiki\/File:Max_Bill_Rhythmus_im_Raum_1994_EP_Muenchen-1.jpg#\/media\/File:Max_Bill_Rhythmus_im_Raum_1994_EP_Muenchen-1.jpg\"><img decoding=\"async\" src=\"http:\/\/upload.wikimedia.org\/wikipedia\/commons\/a\/a3\/Max_Bill_Rhythmus_im_Raum_1994_EP_Muenchen-1.jpg\" alt=\"Max Bill Rhythmus im Raum 1994 EP Muenchen-1.jpg\"\/><\/a><\/figure>\n\n\n\n<p><a href=\"http:\/\/commons.wikimedia.org\/wiki\/File:Max_Bill_Rhythmus_im_Raum_1994_EP_Muenchen-1.jpg#\/media\/File:Max_Bill_Rhythmus_im_Raum_1994_EP_Muenchen-1.jpg\">Platzskulptur Rhythmus im Raum, M\u00fcnchen, 1994, Max Bill<\/a> (Foto: Rufus46, lizenziert unter CC BY-SA 3.0 \u00fcber Wikimedia Commons)<\/p>\n<\/div>\n<\/div>\n\n\n\n<h3 class=\"wp-block-heading\">Auftrag<\/h3>\n\n\n\n<p>Der Schweizer Architekt, Designer und K\u00fcnstler <a href=\"http:\/\/de.wikipedia.org\/wiki\/Max_Bill\">Max Bill<\/a> (1908-1994) gestaltete nebst vielen abstrakten, geometrischen Gem\u00e4lden unter anderem auch Platzskulpturen, wie die Pavillon-Skulptur an der Z\u00fcrcher Bahnhofstrasse. Diese besteht aus einfachen, wiederholenden Granitbl\u00f6cken und l\u00e4dt zum Sitzen, Begehen oder Verweilen ein. <\/p>\n\n\n\n<p>Entwickle auch du eine spannende und begehbare Platzskulptur. Zu den l\u00e4nglichen Quadern (\u201eBaukl\u00f6tzli&#8220;) sollst du zus\u00e4tzlich zylinderf\u00f6rmige Elemente (S\u00e4ulen oder Rollen) einbauen. <\/p>\n\n\n\n<p>Gestalte und visualisiere deine Idee mit Bleistift in einem \u00fcbersichtlichen Schr\u00e4griss inklusive Eigenschatten (freie Parallelprojektion) oder &#8211; je nach Vorgabe der Lehrperson &#8211; in einer spannenden Fluchtpunktperspektive (1PP oder 2PP). Skizziere in diese Zeichnung eine menschliche Figur, die sich in der Platzskulptur befindet, was das Erfassen der Dimension erleichtern soll. Zeichne zudem in einer geeigneten Ecke auf derselben Blattseite linear und etwas kleiner die entsprechende Risse in einer zusammenh\u00e4ngenden Dreitafelprojektion , die sich gut in die Komposition dieser Seite einf\u00fcgt (Grundriss, Aufriss und Seitenriss).<\/p>\n\n\n\n<h3 class=\"wp-block-heading\">Bewertungskriterien<\/h3>\n\n\n\n<ul class=\"wp-block-list\">\n<li>Schr\u00e4griss bzw. Punktperspektive: Konstruktion ist korrekt angewendet, nachvollziehbar und zeugt von hoher Raumkompetenz<\/li>\n\n\n\n<li>Dreitafelprojektion: Die Konstruktion ist in sich korrekt, die Risse stehen in Relation zueinander (feine Messlinien), Form und Proportion entsprechen der Platzskulptur in der grossen Zeichnung<\/li>\n\n\n\n<li>Gute Strichf\u00fchrung und Schattierung: auf Hilfslinien aufbauend, gerade bzw. gut gerundete Linien, raummodellierende Linienf\u00fchrung und Schraffur<\/li>\n\n\n\n<li>Bonus\/Malus (Blattkomposition, funktionierende Statik, Idee&#8230; sowie Einhaltung der Vorgaben im Auftrag und Unerwartetes)<\/li>\n<\/ul>\n\n\n\n<h3 class=\"wp-block-heading\">Material, Technik<\/h3>\n\n\n\n<p>Lineares Freihandzeichnen mit Bleistift auf A3. Hoch- oder Querformat.<\/p>\n\n\n\n<p><\/p>\n","protected":false},"excerpt":{"rendered":"<p>In diesem Auftrag stellst du dein r\u00e4umliches Vorstellungs- und Darstellungsverm\u00f6gen unter Beweis.<\/p>\n","protected":false},"author":1,"featured_media":3252,"comment_status":"open","ping_status":"open","sticky":false,"template":"","format":"standard","meta":{"_acf_changed":false,"footnotes":""},"categories":[15],"tags":[],"class_list":["post-567","post","type-post","status-publish","format-standard","has-post-thumbnail","hentry","category-auftraege"],"acf":[],"_links":{"self":[{"href":"https:\/\/kunstunterricht.ch\/e\/wp-json\/wp\/v2\/posts\/567","targetHints":{"allow":["GET"]}}],"collection":[{"href":"https:\/\/kunstunterricht.ch\/e\/wp-json\/wp\/v2\/posts"}],"about":[{"href":"https:\/\/kunstunterricht.ch\/e\/wp-json\/wp\/v2\/types\/post"}],"author":[{"embeddable":true,"href":"https:\/\/kunstunterricht.ch\/e\/wp-json\/wp\/v2\/users\/1"}],"replies":[{"embeddable":true,"href":"https:\/\/kunstunterricht.ch\/e\/wp-json\/wp\/v2\/comments?post=567"}],"version-history":[{"count":9,"href":"https:\/\/kunstunterricht.ch\/e\/wp-json\/wp\/v2\/posts\/567\/revisions"}],"predecessor-version":[{"id":7164,"href":"https:\/\/kunstunterricht.ch\/e\/wp-json\/wp\/v2\/posts\/567\/revisions\/7164"}],"wp:featuredmedia":[{"embeddable":true,"href":"https:\/\/kunstunterricht.ch\/e\/wp-json\/wp\/v2\/media\/3252"}],"wp:attachment":[{"href":"https:\/\/kunstunterricht.ch\/e\/wp-json\/wp\/v2\/media?parent=567"}],"wp:term":[{"taxonomy":"category","embeddable":true,"href":"https:\/\/kunstunterricht.ch\/e\/wp-json\/wp\/v2\/categories?post=567"},{"taxonomy":"post_tag","embeddable":true,"href":"https:\/\/kunstunterricht.ch\/e\/wp-json\/wp\/v2\/tags?post=567"}],"curies":[{"name":"wp","href":"https:\/\/api.w.org\/{rel}","templated":true}]}}