{"id":565,"date":"2015-03-22T22:40:37","date_gmt":"2015-03-22T22:40:37","guid":{"rendered":"https:\/\/kunstunterricht.ch\/e\/2015\/03\/22\/kuenstlerische-auseinandersetzung-zum-thema-figur-und-malerei\/"},"modified":"2025-11-16T11:35:36","modified_gmt":"2025-11-16T11:35:36","slug":"kuenstlerische-auseinandersetzung-zum-thema-figur-und-malerei","status":"publish","type":"post","link":"https:\/\/kunstunterricht.ch\/e\/kuenstlerische-auseinandersetzung-zum-thema-figur-und-malerei\/","title":{"rendered":"Eigene k\u00fcnstlerische Auseinandersetzung zum Thema Figur und Malerei"},"content":{"rendered":"\n<p>Dieser malerische Auftrag zum Thema Figur und Malerei erfordert viel eigent\u00fcmliches Schaffen und soll weit abseits der regulierten K\u00f6rperdarstellungen im Mainstream eine eigene k\u00fcnstlerische Auseinandersetzung initiieren.<\/p>\n\n\n\n<!--more-->\n\n\n\n<h3 class=\"wp-block-heading\">Ziele\/ Kompetenzen<\/h3>\n\n\n\n<ul class=\"wp-block-list\">\n<li>Eigene k\u00fcnstlerische Auseinandersetzung zum Thema Figur umsetzen<\/li>\n\n\n\n<li>Gestalterische Grundelemente und technische Aspekte der Malerei&nbsp;prozessorientiert&nbsp;einsetzen;&nbsp;Kontraste und Komposition&nbsp;bewusst steuern;&nbsp;Gestaltungsfunktionen und&nbsp;\u00e4sthetische Modi gezielt&nbsp;nutzen.<\/li>\n\n\n\n<li>Reflexion und kunsthistorische Positionierung der eigenen Arbeit<\/li>\n<\/ul>\n\n\n\n<h3 class=\"wp-block-heading\">Vorbereitung\/ Inputs<\/h3>\n\n\n\n<ul class=\"wp-block-list\">\n<li>\u00dcberblick Kunstgeschichte mit Fokus auf Figur&nbsp;(siehe z.B.&nbsp;<a href=\"https:\/\/kunstunterricht.ch\/e\/geschichte-der-malerei\/\" data-type=\"post\" data-id=\"404\">Kunstgeschichte der Malerei<\/a>&nbsp;und&nbsp;<a href=\"https:\/\/kunstunterricht.ch\/e\/kunstgeschichtsindex\/\" data-type=\"post\" data-id=\"562\">Kunstgeschichtsindex<\/a>)&nbsp;oder&nbsp;kurze&nbsp;theoretische Auseinandersetzung&nbsp;zum&nbsp;<a href=\"https:\/\/kunstunterricht.ch\/e\/aesthetischer-modus\/\" data-type=\"post\" data-id=\"4912\">\u00e4sthetischen Modus<\/a>.<\/li>\n\n\n\n<li>\u00dcbungen&nbsp;zu&nbsp;gestalterischen Grundelementen&nbsp;(Farbe, Form, Duktus, Raum\/Licht, Bewegung\/K\u00f6rper) und&nbsp;technischen Aspekten&nbsp;der Malerei; dazu&nbsp;<a href=\"https:\/\/kunstunterricht.ch\/e\/gestaltungsfunktionen\/\">Gestaltungsfunktionen<\/a>&nbsp;(Mimesis, Bezeichnung, Wirkung) und&nbsp;<a href=\"https:\/\/kunstunterricht.ch\/e\/aesthetischer-modus\/\" data-type=\"post\" data-id=\"4912\">\u00e4sthetische Modi<\/a> (wirklichkeitsnah, abstrakt, stilisiert, idealisiert, expressiv, surreal, dadaistisch, &#8230;).<\/li>\n\n\n\n<li>Akademisches Zeichnen&nbsp;zu Figur\/Anatomie als Vorbereitung oder parallel zur Themenentwicklung (nach Anschauung mit legalen und ethisch unbedenklichen Bildvorlagen oder klassischen Zeichnungsvorlagen wie&nbsp;\u201eAnatomie f\u00fcr K\u00fcnstlerInnen\u201c).<\/li>\n<\/ul>\n\n\n\n<h3 class=\"wp-block-heading\">Auftrag<\/h3>\n\n\n\n<p>Entwickle ein eigenes k\u00fcnstlerisches Interesse und besch\u00e4ftige dich malerisch mit Anatomie und fig\u00fcrlicher Darstellung. Gehe von einem konkreten Thema aus und forme in der praktischen Auseinandersetzung eine eigene \u00e4sthetische Leitfrage (Wahrnehmung, Darstellung, Narrativ \u2026, bezogen auf Figur und Anatomie).<\/p>\n\n\n\n<p>W\u00e4hle Material und Bildtr\u00e4ger passend; treffe im Prozess gestalterische Entscheidungen f\u00fcr die gestalterischen Grundelemente mit Kontrasten und Komposition und spiele bewusst mit Gestaltungsfunktionen (Mimesis, Bezeichnung, Wirkung) und \u00e4sthetischen Modi <em>(wirklichkeitsnah, abstrakt, stilisiert, idealisiert, expressiv, surreal, dadaistisch)<\/em>. Entwickle im Spiel von Form und Inhalt zu deinem Thema einen passenden \u00e4sthetischen Ausdruck.<\/p>\n\n\n\n<p>M\u00f6glich sind grosse oder kleine Bilder, etwa als kleine Werkserie (z.B. 3 x A3), als Zyklus (z.B. 7 x A5) oder \u00fcber Skizzen und Entw\u00fcrfe hin zu einem gr\u00f6sseren Einzelbild (&gt; A2), auch als Fragmente in einem gef\u00fcllten Skizzenblock &#8211; selbstverst\u00e4ndlich steht die Anzahl und Gr\u00f6sse auch immer in Relation zur gew\u00e4hlten Technik &#8211; jedoch sind viele kleine Sprints oder ein Marathon denkbar.<\/p>\n\n\n\n<p>So oder so, beginne mit einfachen Studien. Daraus entwickeln sich die Leitfrage und ein Thema. Vieles ist m\u00f6glich: eine Auseinandersetzung mit dem eigenen oder mit fremden K\u00f6rpern, Sinnliches oder Konzeptuelles, Wirkliches oder Utopisches, Sch\u00f6nes oder H\u00e4ssliches, Naturalistisches oder Expressives, Feines oder Hartes, Ernstes oder Ironisches \u2026<\/p>\n\n\n\n<p><strong>Ergebnis<\/strong>: sichtbare Neugier sowie quantitative und qualitative Auseinandersetzung \u2013 eine verst\u00e4rkte, wiedererkennbare Bildsprache und die intensive Bearbeitung deines Themas. Vergib einen Titel und notiere auf der R\u00fcckseite (oder angepinnt) stichwortartig: <\/p>\n\n\n\n<ul class=\"wp-block-list\">\n<li><strong>Kerndaten<\/strong> (Name, Titel, Technik, Gr\u00f6sse);<\/li>\n\n\n\n<li><strong>Kontraste\/Komposition<\/strong> (3\u20135 wichtigsten Fachbegriffe);<\/li>\n\n\n\n<li><strong>Gestaltungsfunktionen und \u00e4sthetischen Modi<\/strong> (je 1\u20133 Fachbegriffe); <\/li>\n\n\n\n<li><strong>Werkbez\u00fcge<\/strong>, mind. 2 korrespondierende (Name, Werk, Jahr, 1 Schlagwort); <\/li>\n\n\n\n<li><strong>Detailthema<\/strong> mit Leitfrage und Deutungsansatz\/Intention (3\u20135 Stichworte).<\/li>\n<\/ul>\n\n\n\n<h3 class=\"wp-block-heading\">Kriterien<\/h3>\n\n\n\n<ul class=\"wp-block-list\">\n<li>Intensive, passende und gelungene gestalterisch-k\u00fcnstlerische Auseinandersetzung (2x)\n<ul class=\"wp-block-list\">\n<li>zum Thema Figur und Anatomie<\/li>\n\n\n\n<li>zur Malerei (Material, Technik, medialer Umgang)<\/li>\n\n\n\n<li>zu formalen Aspekte (Kontraste\/ Komposition, gestalterische Funktionen und Modi etc.)<\/li>\n<\/ul>\n<\/li>\n\n\n\n<li>Qualit\u00e4t zum inhaltlichen Gesamteindruck und Detailthema inkl. des stichwortartigen Kommentars mit den Werkbez\u00fcgen und aus der Arbeit abzuleitende Kriterien<\/li>\n\n\n\n<li>B\/M (Einhalten der Vorgaben, Weiterf\u00fchrung, &#8230;)<\/li>\n<\/ul>\n\n\n\n<h3 class=\"wp-block-heading\">Material<\/h3>\n\n\n\n<p><strong>Malmittel<\/strong>: Gouache, Acryl, Aquarell, Pastell, Kohle,&nbsp;Graphit,&nbsp;Tuschmalerei,&nbsp;Spray (nur draussen\/mit Schutz),&nbsp;Klebeband,&nbsp;Collage (Papier, Stoff, Fundst\u00fccke); Bildtr\u00e4ger: Papier, Karton,&nbsp;Holz,&nbsp;Leinwand,&nbsp;Kunststoff,&nbsp;Metall,&nbsp;Mauerwerk; Werkzeuge:&nbsp;Pinsel\/Spachtel\/Messer,&nbsp;Rolle\/Rakel,&nbsp;Schwamm\/Lappen.<\/p>\n\n\n\n<p><strong>Kurz-Sicherheit:<\/strong>&nbsp;m\u00f6glichst&nbsp;l\u00f6semittelfrei; Spray &amp; L\u00f6sungsmittel&nbsp;nur nach Absprache, draussen, mit Schutz; gute&nbsp;L\u00fcftung\/Fixativ nur im Freien.<br>Nachhaltig:&nbsp;Recyclingpapier, alte Stoffe\/Leint\u00fccher, Restholz\/-karton,&nbsp;Upcycling-Tr\u00e4ger.<\/p>\n\n\n\n<p><strong>Einige Beispiele zu k\u00fcnstlerischen Positionen<\/strong> \u2013 offen und anregend (nicht als Vorlage):<\/p>\n\n\n\n<ul class=\"wp-block-list\">\n<li>Hans Memling, z.B. <a href=\"https:\/\/de.wikipedia.org\/wiki\/Schwei\u00dftuch_der_Veronika\">Schweisstuch<\/a> (idealisiert; Bezeichnung)<\/li>\n\n\n\n<li>Gr\u00fcnewald, z.B. <a href=\"https:\/\/de.wikipedia.org\/wiki\/Isenheimer_Altar#Darstellung_Jesu_Christi\">Isenheimer Altar<\/a> (expressiv; Wirkung\/Inkarnat);<\/li>\n\n\n\n<li>Hans Holbein d. J., z.B. <a href=\"https:\/\/de.wikipedia.org\/wiki\/Der_Leichnam_Christi_im_Grabe\">Leichnam<\/a> (naturalistisch; Wirkung\/Schock);<\/li>\n\n\n\n<li>Caravaggio, z.B. <a href=\"https:\/\/de.wikipedia.org\/wiki\/Der_ungl\u00e4ubige_Thomas_(Caravaggio)\">Ungl\u00e4ubiger Thomas<\/a> (wirklichkeitsnah; Mimesis\/Fleisch);<\/li>\n\n\n\n<li>Gentileschi, z.B. <a href=\"https:\/\/de.wikipedia.org\/wiki\/Artemisia_Gentileschi#\/media\/Datei:Susanna_and_the_Elders.jpg\">Susanna<\/a> (wirklichkeitsnah; Mimesis\/Licht\/Verletzlichkeit);<\/li>\n\n\n\n<li>Ingres, z.B. <a href=\"https:\/\/en.wikipedia.org\/wiki\/Grande_Odalisque\">Odaliske<\/a> (idealisiert\/stilisiert; Bezeichnung\/Gl\u00e4tte);<\/li>\n\n\n\n<li>Kollwitz, z.B. <a href=\"https:\/\/de.wikipedia.org\/wiki\/K\u00e4the_Kollwitz#\/media\/Datei:Woman_with_Dead_Child_-_K\u00e4the_Kollwitz.jpg\">Frau mit totem Kind<\/a> (expressiv; Wirkung\/Verletzlichkeit);<\/li>\n\n\n\n<li>Schiele, z.B. diverse <a href=\"https:\/\/de.wikipedia.org\/wiki\/Egon_Schiele#Werk\">Akte<\/a> (expressiv\/stilisiert; Wirkung\/Linie\/Deformation);<\/li>\n\n\n\n<li>H\u00f6ch, z.B. <a href=\"https:\/\/commons.wikimedia.org\/wiki\/File:Creatures_by_Hannah_Hoch,_1926-1929,_oil_on_canvas_-_Germanisches_Nationalmuseum_-_Nuremberg,_Germany_-_DSC02365.jpg?uselang=de\">Gesch\u00f6pfe<\/a> (dadaistisch; Bezeichnung\/Montage);<\/li>\n\n\n\n<li>Tamara de Lempicka (stilisiert\/idealisiert; Art-D\u00e9co-Geometrie); <\/li>\n\n\n\n<li>Frida Kahlo (surreal\/symbolisch; Bezeichnung\/Attribut); <\/li>\n\n\n\n<li>Willem de Kooning (abstrakt\/expressiv; Wirkung\/Geste);<\/li>\n\n\n\n<li>Francis Bacon (expressiv\/surreal; Wirkung\/Deformation\/Raum); <\/li>\n\n\n\n<li>Lucian Freud (wirklichkeitsnah; Wirkung\/Materialit\u00e4t der Haut); <\/li>\n\n\n\n<li>Yves Klein, z.B. Anthropometrien (abstrahiert; Bezeichnung\/K\u00f6rperabdruck)<\/li>\n\n\n\n<li>Marlene Dumas (expressiv\/stilisiert; Wirkung\/Farbk\u00f6rper); <\/li>\n\n\n\n<li>Miriam Cahn (expressiv\/surreal; Wirkung\/Geste);<\/li>\n\n\n\n<li>Jenny Saville (wirklichkeitsnah\/expressiv; Wirkung\/Materialit\u00e4t der Haut);<\/li>\n\n\n\n<li>etc.<\/li>\n<\/ul>\n\n\n\n<div style=\"height:74px\" aria-hidden=\"true\" class=\"wp-block-spacer\"><\/div>\n\n\n\n<hr class=\"wp-block-separator has-alpha-channel-opacity\"\/>\n\n\n\n<pre class=\"wp-block-preformatted\">Beitragsbild: Ausschnitt aus der Kreuzigungsszene des <a href=\"https:\/\/de.wikipedia.org\/wiki\/Isenheimer_Altar\">Isenheimer Alters<\/a>, M. Gr\u00fcnewald, 1512-1516 (wp <a href=\"https:\/\/de.wikipedia.org\/wiki\/Isenheimer_Altar#\/media\/Datei:Mathis_Gothart_Gr\u00fcnewald_023.jpg\">gemeinfrei<\/a>)<\/pre>\n","protected":false},"excerpt":{"rendered":"<p>Dieser malerische Auftrag zum Thema Figur und Malerei erfordert viel eigent\u00fcmliches Schaffen und soll weit abseits der regulierten K\u00f6rperdarstellungen im Mainstream eine eigene k\u00fcnstlerische Auseinandersetzung initiieren.<\/p>\n","protected":false},"author":1,"featured_media":3358,"comment_status":"open","ping_status":"open","sticky":false,"template":"","format":"standard","meta":{"_acf_changed":false,"footnotes":""},"categories":[15],"tags":[32,30,50,27],"class_list":["post-565","post","type-post","status-publish","format-standard","has-post-thumbnail","hentry","category-auftraege","tag-bildende-kunst","tag-bildnerische-mittel","tag-figur-mensch-gesicht","tag-malerei"],"acf":[],"_links":{"self":[{"href":"https:\/\/kunstunterricht.ch\/e\/wp-json\/wp\/v2\/posts\/565","targetHints":{"allow":["GET"]}}],"collection":[{"href":"https:\/\/kunstunterricht.ch\/e\/wp-json\/wp\/v2\/posts"}],"about":[{"href":"https:\/\/kunstunterricht.ch\/e\/wp-json\/wp\/v2\/types\/post"}],"author":[{"embeddable":true,"href":"https:\/\/kunstunterricht.ch\/e\/wp-json\/wp\/v2\/users\/1"}],"replies":[{"embeddable":true,"href":"https:\/\/kunstunterricht.ch\/e\/wp-json\/wp\/v2\/comments?post=565"}],"version-history":[{"count":19,"href":"https:\/\/kunstunterricht.ch\/e\/wp-json\/wp\/v2\/posts\/565\/revisions"}],"predecessor-version":[{"id":10811,"href":"https:\/\/kunstunterricht.ch\/e\/wp-json\/wp\/v2\/posts\/565\/revisions\/10811"}],"wp:featuredmedia":[{"embeddable":true,"href":"https:\/\/kunstunterricht.ch\/e\/wp-json\/wp\/v2\/media\/3358"}],"wp:attachment":[{"href":"https:\/\/kunstunterricht.ch\/e\/wp-json\/wp\/v2\/media?parent=565"}],"wp:term":[{"taxonomy":"category","embeddable":true,"href":"https:\/\/kunstunterricht.ch\/e\/wp-json\/wp\/v2\/categories?post=565"},{"taxonomy":"post_tag","embeddable":true,"href":"https:\/\/kunstunterricht.ch\/e\/wp-json\/wp\/v2\/tags?post=565"}],"curies":[{"name":"wp","href":"https:\/\/api.w.org\/{rel}","templated":true}]}}