{"id":520,"date":"2014-06-04T07:28:31","date_gmt":"2014-06-04T07:28:31","guid":{"rendered":"https:\/\/kunstunterricht.ch\/e\/2014\/06\/04\/tief-in-den-schlund\/"},"modified":"2023-06-14T20:56:38","modified_gmt":"2023-06-14T20:56:38","slug":"im-schlund","status":"publish","type":"post","link":"https:\/\/kunstunterricht.ch\/e\/im-schlund\/","title":{"rendered":"Im Schlund"},"content":{"rendered":"\n<p>In der Bildergalerie zu Potsdam tuscheln zwei Besucher vor einem Gem\u00e4de von Caravaggio: &#8222;Hast du gesehen, wie tief die Wunde ist?&#8220;, fragt Veronika. Thomas antwortet: &#8222;Das ist doch nur ein Bild.&#8220;<\/p>\n\n\n\n<!--more-->\n\n\n\n<h3 class=\"wp-block-heading\">Ziele<\/h3>\n\n\n\n<ul class=\"wp-block-list\">\n<li>Anwendung der <a href=\"index.php?option=com_content&amp;view=article&amp;id=100;perspektivische-merkmale-kurz-und-knapp&amp;catid=40;alle-grundlagen&amp;Itemid=73\">perspektivischen Merkmale<\/a><\/li>\n\n\n\n<li>Auseinandersetzung mit Fl\u00e4che, Raum, Malfarbe<\/li>\n<\/ul>\n\n\n\n<h3 class=\"wp-block-heading\">Auftrag<\/h3>\n\n\n\n<p><a href=\"https:\/\/de.wiktionary.org\/wiki\/Schlund\">Definition<\/a>&nbsp;von &#8222;Schlund&#8220;: trichterf\u00f6rmiger Abgrund bis Speiser\u00f6hre des Wildtieres oder ganz einfach ein bildlicher Abgrund<\/p>\n\n\n\n<p>Verwandle einen zweidimensionalen Malgrund in einen dreidimensionalen Raum, indem du unter intensiver Anwendung der perspektivischen Merkmale mit Malfarbe die bildnerische T\u00e4uschung eines Schlunds &#8211; einer tiefen \u00d6ffnung, eines trichterf\u00f6rmigen Abgrundes &#8211; erzeugst.<\/p>\n\n\n\n<p>In der Interpretation des Themas bist du frei. Somit k\u00f6nnte beispielsweise eine Gletscherspalte, ein lochartiger Erdrutsch, ein Tornado von innen, eine stark vergr\u00f6sserte und \u00fcbertriebene Wunde, ja sogar die fiktive Vorstellung eines Wurmlochs gemalt werden. Dabei entscheidest du, ob deine Perspektive in den oder aus dem Schlund zeigt, wobei eine hohe Raumwirkung entscheidend ist.<\/p>\n\n\n\n<p>Entwickle hierf\u00fcr zuerst mit Bleistift und w\u00e4ssriger Malfarbe auf einem breiten Querformat drei kleine, quadratisch gerahmte und grob kolorierte Skizzen, die eine inhaltlich und insbesondere visuell spannende Bildidee zum Thema Schlund zeigen. Betitle deine drei Entw\u00fcrfe und entscheide dich f\u00fcr eine Skizze, bei der die Darstellung der Bildtiefe stark zum Ausdruck kommt.<\/p>\n\n\n\n<p>Danach erfolgt die Umsetzung mit Malfarbe auf quadratischem Grossformat. Eine eigene malerische Bildsprache &#8211; ob expressiv oder realistisch, eine eher nerv\u00f6se oder fl\u00e4chige Pinself\u00fchrung, lasierend oder deckend &#8211; darf ebenfalls frei entwickelt werden, sollte aber in sich keinen Stilbruch zeigen und zur Umsetzung der Bildidee mit hoher Raumtiefe geeignet sein. Betitle dein Werk auf der R\u00fcckseite des Bildes.<\/p>\n\n\n\n<div class=\"wp-block-columns is-layout-flex wp-container-core-columns-is-layout-28f84493 wp-block-columns-is-layout-flex\">\n<div class=\"wp-block-column is-layout-flow wp-block-column-is-layout-flow\">\n<figure class=\"wp-block-image is-resized\"><a href=\"http:\/\/commons.wikimedia.org\/wiki\/File:Crevasse1.jpg#mediaviewer\/File:Crevasse1.jpg\" target=\"_blank\" rel=\"noreferrer noopener\"><img loading=\"lazy\" decoding=\"async\" src=\"http:\/\/upload.wikimedia.org\/wikipedia\/commons\/b\/b0\/Crevasse1.jpg\" alt=\"Crevasse1.jpg\" width=\"113\" height=\"174\"\/><\/a><\/figure>\n\n\n\n<p>Foto aus einer Gletscherspalte (\u201e<a href=\"http:\/\/commons.wikimedia.org\/wiki\/File:Crevasse1.jpg#mediaviewer\/File:Crevasse1.jpg\">Crevasse1<\/a>\u201c von Original uploader <a href=\"\/\/en.wikipedia.org\/wiki\/User:Mtpaley\">Mtpaley<\/a>. Lizenziert unter <a href=\"http:\/\/creativecommons.org\/licenses\/by\/2.5\">CC BY 2.5<\/a> \u00fcber <a href=\"\/\/commons.wikimedia.org\/wiki\/\">Wikimedia Commons<\/a>.)<\/p>\n<\/div>\n\n\n\n<div class=\"wp-block-column is-layout-flow wp-block-column-is-layout-flow\">\n<figure class=\"wp-block-image\"><a href=\"http:\/\/commons.wikimedia.org\/wiki\/File:Jaskinia_Ostr\u0119\u017cnicka_1.p.jpg#mediaviewer\/File:Jaskinia_Ostr\u0119\u017cnicka_1.p.jpg\" target=\"_blank\" rel=\"noreferrer noopener\"><img decoding=\"async\" src=\"http:\/\/upload.wikimedia.org\/wikipedia\/commons\/b\/bb\/Jaskinia_Ostr%C4%99%C5%BCnicka_1.p.jpg\" alt=\"Jaskinia Ostr\u0119\u017cnicka 1.p.jpg\"\/><\/a><\/figure>\n\n\n\n<p>Foto eines H\u00f6hleneingangs in Polen (\u201e<a href=\"http:\/\/commons.wikimedia.org\/wiki\/File:Jaskinia_Ostr%C4%99%C5%BCnicka_1.p.jpg#mediaviewer\/File:Jaskinia_Ostr%C4%99%C5%BCnicka_1.p.jpg\">Jaskinia Ostr\u0119\u017cnicka 1.p<\/a>\u201c von <a href=\"\/\/commons.wikimedia.org\/wiki\/User:Przykuta\">Przykuta<\/a>&nbsp;. Lizenziert unter <a href=\"http:\/\/creativecommons.org\/licenses\/by-sa\/3.0\">CC BY-SA 3.0<\/a> \u00fcber <a href=\"\/\/commons.wikimedia.org\/wiki\/\">Wikimedia Commons<\/a>.)<\/p>\n<\/div>\n\n\n\n<div class=\"wp-block-column is-layout-flow wp-block-column-is-layout-flow\">\n<figure class=\"wp-block-image\"><a href=\"http:\/\/commons.wikimedia.org\/wiki\/File:Wurmloch.jpg#mediaviewer\/Datei:Wurmloch.jpg\" target=\"_blank\" rel=\"noreferrer noopener\"><img decoding=\"async\" src=\"http:\/\/upload.wikimedia.org\/wikipedia\/commons\/4\/45\/Wurmloch.jpg\" alt=\"Wurmloch.jpg\"\/><\/a><\/figure>\n\n\n\n<p>Illustration eine Wurmlochs (\u201e<a href=\"http:\/\/commons.wikimedia.org\/wiki\/File:Wurmloch.jpg#mediaviewer\/Datei:Wurmloch.jpg\">Wurmloch<\/a>\u201c von <a href=\"\/\/commons.wikimedia.org\/w\/index.php?title=User:CorvinZahn&amp;action=edit&amp;redlink=1\">CorvinZahn<\/a> &#8211; self-made, panorama of the dunes: Philippe E. Hurbain. Lizenziert unter <a href=\"http:\/\/creativecommons.org\/licenses\/by-sa\/2.5\">CC BY-SA 2.5<\/a> \u00fcber <a href=\"\/\/commons.wikimedia.org\/wiki\/\">Wikimedia Commons<\/a>.)<\/p>\n<\/div>\n<\/div>\n\n\n\n<figure class=\"wp-block-image\"><img decoding=\"async\" src=\"https:\/\/upload.wikimedia.org\/wikipedia\/commons\/thumb\/c\/cc\/Caravaggio_incredulity.jpg\/800px-Caravaggio_incredulity.jpg?20220718131338\" alt=\"File:Caravaggio incredulity.jpg\"\/><\/figure>\n\n\n\n<p><a href=\"https:\/\/de.wikipedia.org\/wiki\/Michelangelo_Merisi_da_Caravaggio\">Michelangelo Merisi da Caravaggio<\/a>,\u00a0<a href=\"https:\/\/de.wikipedia.org\/wiki\/Der_ungl\u00e4ubige_Thomas_(Caravaggio)\">Der ungl\u00e4ubige Thomas<\/a>, ca. 1661, 107 x 146 cm, \u00d6l auf Leinwand, Bildergalerie Sanssouci in Potsdam (wikimedia)<\/p>\n\n\n\n<h3 class=\"wp-block-heading\">Kriterien<\/h3>\n\n\n\n<ul class=\"wp-block-list\">\n<li>Hohe Raumwirkung (durch Einsatz der perspektivischen Merkmale)<\/li>\n\n\n\n<li>Spannendes Bild in formaler Hinsicht (spannende Einteilung der Bildfl\u00e4che und Gestaltung der Formen, f\u00fcr den Bildraum zusammenh\u00e4ngende aber dynamische Farbkontraste&#8230;)<\/li>\n\n\n\n<li>B\/M Gesamteindruck (kreative\/spannende Bildideen, einheitlicher Malstil, Umgang mit Farbauftrag&#8230;)<\/li>\n<\/ul>\n\n\n\n<h3 class=\"wp-block-heading\">Material<\/h3>\n\n\n\n<ul class=\"wp-block-list\">\n<li>Papier oder grundierter Karton im grossz\u00fcgigen Format<\/li>\n\n\n\n<li>Gouache mit Pinsel, evtl. Spachtel, Schw\u00e4mme, Lappen etc.<\/li>\n<\/ul>\n","protected":false},"excerpt":{"rendered":"<p>In der Bildergalerie zu Potsdam tuscheln zwei Besucher vor einem Gem\u00e4de von Caravaggio: &#8222;Hast du gesehen, wie tief die Wunde ist?&#8220;, fragt Veronika. Thomas antwortet: &#8222;Das ist doch nur ein Bild.&#8220;<\/p>\n","protected":false},"author":1,"featured_media":3421,"comment_status":"closed","ping_status":"closed","sticky":false,"template":"","format":"standard","meta":{"_acf_changed":false,"footnotes":""},"categories":[15],"tags":[30,29,22,47,27],"class_list":["post-520","post","type-post","status-publish","format-standard","has-post-thumbnail","hentry","category-auftraege","tag-bildnerische-mittel","tag-bildraum-perspektive","tag-farbe","tag-kreativitaet-phantasie","tag-malerei"],"acf":[],"_links":{"self":[{"href":"https:\/\/kunstunterricht.ch\/e\/wp-json\/wp\/v2\/posts\/520","targetHints":{"allow":["GET"]}}],"collection":[{"href":"https:\/\/kunstunterricht.ch\/e\/wp-json\/wp\/v2\/posts"}],"about":[{"href":"https:\/\/kunstunterricht.ch\/e\/wp-json\/wp\/v2\/types\/post"}],"author":[{"embeddable":true,"href":"https:\/\/kunstunterricht.ch\/e\/wp-json\/wp\/v2\/users\/1"}],"replies":[{"embeddable":true,"href":"https:\/\/kunstunterricht.ch\/e\/wp-json\/wp\/v2\/comments?post=520"}],"version-history":[{"count":9,"href":"https:\/\/kunstunterricht.ch\/e\/wp-json\/wp\/v2\/posts\/520\/revisions"}],"predecessor-version":[{"id":3422,"href":"https:\/\/kunstunterricht.ch\/e\/wp-json\/wp\/v2\/posts\/520\/revisions\/3422"}],"wp:featuredmedia":[{"embeddable":true,"href":"https:\/\/kunstunterricht.ch\/e\/wp-json\/wp\/v2\/media\/3421"}],"wp:attachment":[{"href":"https:\/\/kunstunterricht.ch\/e\/wp-json\/wp\/v2\/media?parent=520"}],"wp:term":[{"taxonomy":"category","embeddable":true,"href":"https:\/\/kunstunterricht.ch\/e\/wp-json\/wp\/v2\/categories?post=520"},{"taxonomy":"post_tag","embeddable":true,"href":"https:\/\/kunstunterricht.ch\/e\/wp-json\/wp\/v2\/tags?post=520"}],"curies":[{"name":"wp","href":"https:\/\/api.w.org\/{rel}","templated":true}]}}