{"id":517,"date":"2014-01-06T06:45:05","date_gmt":"2014-01-06T06:45:05","guid":{"rendered":"https:\/\/kunstunterricht.ch\/e\/2014\/01\/06\/dein-portfolio\/"},"modified":"2023-06-14T21:15:42","modified_gmt":"2023-06-14T21:15:42","slug":"dein-portfolio","status":"publish","type":"post","link":"https:\/\/kunstunterricht.ch\/e\/dein-portfolio\/","title":{"rendered":"Dein Portfolio (Webdesign)"},"content":{"rendered":"\n<p>In diesem Auftrag entwickelst du f\u00fcr deine Person einen Webauftritt.<\/p>\n\n\n\n<!--more-->\n\n\n\n<h1 class=\"wp-block-heading\">Ziele<\/h1>\n\n\n\n<ul class=\"wp-block-list\">\n<li>Weiterf\u00fchrung im Bereich Visuelle Kommunikation<\/li>\n\n\n\n<li>Verbesserung der Gestaltungs- und Medienkompetenz im Webbereich (als User und Autor)<\/li>\n\n\n\n<li>Enwicklung eines eigenen Portfolios<\/li>\n<\/ul>\n\n\n\n<h1 class=\"wp-block-heading\">Vorkenntnisse\/ Vor\u00fcbung<\/h1>\n\n\n\n<ul class=\"wp-block-list\">\n<li>technische Einf\u00fchrung zum Thema Internet und Webdesign (Server, Client, <a href=\"index.php?option=com_content&amp;view=article&amp;id=29;html-hypertext-markup-language&amp;catid=35;alle-leitfden&amp;Itemid=62\">html<\/a>, Browser, Upload etc.)<\/li>\n\n\n\n<li>Recherchen und Analysen bestehender Webseiten&nbsp;von Designern und K\u00fcnstlern (Bilder, <a href=\"component\/content\/?task=view&amp;id=143&amp;Itemid=63\">Typo<\/a>, <a href=\"auftraege\/weiteres?task=view&amp;id=89\">Layout<\/a>, Farbkonzept, Navigation\/Sitemap, Botschaft)<\/li>\n\n\n\n<li>Rekapitualtion der Grundlagen des Grafik- und Web-Designs. Unterscheidung der \u00c4sthetik und Kultur im Print- und Webbereich. Wieso ist das so? Zur Anregung f\u00fcr eine Diskussion kann vom folgenden Bild ausgegangen werden:<\/li>\n<\/ul>\n\n\n\n<figure class=\"wp-block-image size-large\"><img loading=\"lazy\" decoding=\"async\" width=\"1024\" height=\"810\" src=\"https:\/\/kunstunterricht.ch\/e\/wp-content\/uploads\/2023\/06\/1855_Berlins_erste_Litfasssaeule-1024x810.jpg\" alt=\"\" class=\"wp-image-3432\" srcset=\"https:\/\/kunstunterricht.ch\/e\/wp-content\/uploads\/2023\/06\/1855_Berlins_erste_Litfasssaeule-1024x810.jpg 1024w, https:\/\/kunstunterricht.ch\/e\/wp-content\/uploads\/2023\/06\/1855_Berlins_erste_Litfasssaeule-300x237.jpg 300w, https:\/\/kunstunterricht.ch\/e\/wp-content\/uploads\/2023\/06\/1855_Berlins_erste_Litfasssaeule-768x608.jpg 768w, https:\/\/kunstunterricht.ch\/e\/wp-content\/uploads\/2023\/06\/1855_Berlins_erste_Litfasssaeule.jpg 1400w\" sizes=\"auto, (max-width: 1024px) 100vw, 1024px\" \/><\/figure>\n\n\n\n<p><em>F.G. Nordmann: Zeitgen\u00f6ssische Lithografie der ersten Berliner Litfasss\u00e4ule von 1854, 1855<\/em> (<a href=\"https:\/\/de.wikipedia.org\/wiki\/Litfa\u00dfs\u00e4ule#\/media\/Datei:Berlins_erste_Litfa\u00dfs\u00e4ule.jpg\">wm<\/a>)<\/p>\n\n\n\n<h1 class=\"wp-block-heading\">Auftrag<\/h1>\n\n\n\n<p>Erstelle eine Webseite mit deinem Portfolio. Ein <a href=\"http:\/\/de.wikipedia.org\/wiki\/Portfolio#Kunst_und_Design\" target=\"_blank\" rel=\"noopener\">Portfolio<\/a> zeigt die besten und wichtigsten Arbeiten und soll der Bewerbung oder Selbstvermarktung dienen. Entscheide dich dabei f\u00fcr ein bestimmtes Berufsfeld der Gestaltung und Kunst, das du im Vorfeld analysierst (siehe oben). Denkbar w\u00e4re: Eine Website mit Portfolio im Berufsfeld Illustration, Grafikdesign, Webdesign,&nbsp;Werbung\/Visuelle Kommunikation, Berufsfotografie, Film (Corporate und Werbung oder Spielfilm), Schauspielerei, Mode-\/ Texildesign, Trendberatung, Denkfabrik (Think Tank), Innenarchitektur, Produktdesign (spezifisch z.B. f\u00fcr Schmuck, Ski&#8230;) oder Bildende Kunst. Wer weiss, vielleicht wird dir dieses Portfolio sp\u00e4ter im Studium sogar einen kleinen Nebenerwerb generieren?<\/p>\n\n\n\n<p>Pr\u00e4sentiere deine Arbeit bzw. dich mit Werkbeispielen auf einer Webseite dem Berufsfeld entsprechend in ansprechender Form und mit passendem Inhalt (z.B. Intro, Werkbeispiele, Kosten, CV, Kontakt). Verletze dabei keine Urheberrechte (Bild, Text, Ton etc.) sondern nutze selbst erstellte Arbeiten oder creative commons lizenzierte Materialien (Credits angeben).<\/p>\n\n\n\n<h1 class=\"wp-block-heading\">Kriterien<\/h1>\n\n\n\n<p>Gesamteindruck \u00fcberzeugt. Im Detail sind dies:<\/p>\n\n\n\n<ul class=\"wp-block-list\">\n<li><strong>Visuell\/ Appearance<\/strong>: Dem Berufsfeld und Portfolio entsprechend ad\u00e4quates Design (&#8222;\u00e4usseres Desgin&#8220;: Farben, Layout, Motive, Schriften&#8230;), grafischer Aufbau stimmt in sich (&#8222;inneres Design&#8220;: professionelles Erscheinungsbild), konsequente Umsetzung auf der gesamten Website (roter Faden)<\/li>\n\n\n\n<li><strong>Inhaltlich\/ Content<\/strong>: dem Berufsfeld entsprechend ad\u00e4quates und pr\u00e4gnantes Webseitenkonzept,&nbsp;spannendes Portfolio mit \u00fcberzeugenden Arbeiten, logischer Aufbau und sinnvolle Gliederung der Inhalte auf der Website, die relevanten Elemente sind enthalten (evtl. wer, was, wie, wo, wann&#8230;)<\/li>\n\n\n\n<li><strong>Benutzung\/ Usability: <\/strong>gute Usability (intuitive Navigation, gutes Text\/Bild-Verh\u00e4ltnis), geeignet f\u00fcr verschiedene Bildschirmgr\u00f6ssen und Browser<\/li>\n\n\n\n<li><strong>Technische Umsetzung<\/strong>: sinnvolle Datenorganisation (Ordner und Dateien), korrekte Verkn\u00fcpfung der Texte und Bilder, einheitliche Programmierung, sinnvolle und kreative L\u00f6sungsfindung bei technischen Schwierigkeiten in der Umsetzung<\/li>\n<\/ul>\n\n\n\n<h1 class=\"wp-block-heading\">Vorgaben\/ Hilfen<\/h1>\n\n\n\n<ul class=\"wp-block-list\">\n<li>Bildbearbeitungsprogramm (Photoshop\/ Illustrator oder kostenfreies Gimp\/ Inkscape)<\/li>\n\n\n\n<li><a href=\"http:\/\/de.wikipedia.org\/wiki\/Html-Editor\" target=\"_blank\" rel=\"noopener\">HTML-Editor<\/a> mit FTP-Client (z.B. Dreamweaver oder der kostenfreie <a href=\"http:\/\/de.wikipedia.org\/wiki\/KompoZer\" target=\"_blank\" rel=\"noopener\">KompoZer<\/a>)&nbsp;<\/li>\n\n\n\n<li>Internetanbindung und Zugang zu einem Webserver (Benutzername, Passwort, Adresse etc.)<\/li>\n\n\n\n<li>Optimierung auf FullHDTV-Format (1920 X 1080 Px, RGB)<\/li>\n\n\n\n<li>Benutzung <a href=\"http:\/\/de.wikipedia.org\/wiki\/Webfarbe\" target=\"_blank\" rel=\"noopener\">websicherer Farben<\/a><\/li>\n\n\n\n<li>Benutzung <a href=\"http:\/\/www.design-literatur.de\/blog\/2006\/12\/29\/websichere-schrift-top-websafe-fonts\/\" target=\"_blank\" rel=\"noopener\">websicherer Schriften<\/a>&nbsp;<\/li>\n\n\n\n<li>Platzhaltertext <a href=\"http:\/\/de.wikipedia.org\/wiki\/Lorem_ipsum\" target=\"_blank\" rel=\"noopener\">Lorem Ipsum<\/a><\/li>\n<\/ul>\n","protected":false},"excerpt":{"rendered":"<p>In diesem Auftrag entwickelst du f\u00fcr deine Person einen Webauftritt.<\/p>\n","protected":false},"author":1,"featured_media":3433,"comment_status":"open","ping_status":"open","sticky":false,"template":"","format":"standard","meta":{"_acf_changed":false,"footnotes":""},"categories":[15],"tags":[35,33,38],"class_list":["post-517","post","type-post","status-publish","format-standard","has-post-thumbnail","hentry","category-auftraege","tag-kommunikation","tag-neue-medien","tag-webdesign-interactiondesign"],"acf":[],"_links":{"self":[{"href":"https:\/\/kunstunterricht.ch\/e\/wp-json\/wp\/v2\/posts\/517","targetHints":{"allow":["GET"]}}],"collection":[{"href":"https:\/\/kunstunterricht.ch\/e\/wp-json\/wp\/v2\/posts"}],"about":[{"href":"https:\/\/kunstunterricht.ch\/e\/wp-json\/wp\/v2\/types\/post"}],"author":[{"embeddable":true,"href":"https:\/\/kunstunterricht.ch\/e\/wp-json\/wp\/v2\/users\/1"}],"replies":[{"embeddable":true,"href":"https:\/\/kunstunterricht.ch\/e\/wp-json\/wp\/v2\/comments?post=517"}],"version-history":[{"count":2,"href":"https:\/\/kunstunterricht.ch\/e\/wp-json\/wp\/v2\/posts\/517\/revisions"}],"predecessor-version":[{"id":3434,"href":"https:\/\/kunstunterricht.ch\/e\/wp-json\/wp\/v2\/posts\/517\/revisions\/3434"}],"wp:featuredmedia":[{"embeddable":true,"href":"https:\/\/kunstunterricht.ch\/e\/wp-json\/wp\/v2\/media\/3433"}],"wp:attachment":[{"href":"https:\/\/kunstunterricht.ch\/e\/wp-json\/wp\/v2\/media?parent=517"}],"wp:term":[{"taxonomy":"category","embeddable":true,"href":"https:\/\/kunstunterricht.ch\/e\/wp-json\/wp\/v2\/categories?post=517"},{"taxonomy":"post_tag","embeddable":true,"href":"https:\/\/kunstunterricht.ch\/e\/wp-json\/wp\/v2\/tags?post=517"}],"curies":[{"name":"wp","href":"https:\/\/api.w.org\/{rel}","templated":true}]}}