{"id":509,"date":"2013-09-16T07:39:02","date_gmt":"2013-09-16T07:39:02","guid":{"rendered":"https:\/\/kunstunterricht.ch\/e\/2013\/09\/16\/davos-laeuft-plakatentwurf\/"},"modified":"2024-02-19T22:21:09","modified_gmt":"2024-02-19T22:21:09","slug":"davos-laeuft-plakatentwurf","status":"publish","type":"post","link":"https:\/\/kunstunterricht.ch\/e\/davos-laeuft-plakatentwurf\/","title":{"rendered":"Davos l\u00e4uft! (Plakatentwurf)"},"content":{"rendered":"\n<p>In diesem fiktiven Auftrag f\u00fcr Grafikdesign gestaltest du einen Plakatentwurf.<\/p>\n\n\n\n<!--more-->\n\n\n\n<h3 class=\"wp-block-heading\">Voraussetzungen\/ Vor\u00fcbungen<\/h3>\n\n\n\n<ul class=\"wp-block-list\">\n<li>Technische Kenntnisse von generativer Bildproduktion (KI) sowie Vektor- und\/oder Pixelbildbearbeitung<\/li>\n\n\n\n<li>Gestalterische Kenntnisse in der Wirkung von Motiven, Farben, Formen, Typografie und Layout<\/li>\n<\/ul>\n\n\n\n<h3 class=\"wp-block-heading\">Auftrag<\/h3>\n\n\n\n<p>Gestalten ein Plakat im Quer- oder Hochformat f\u00fcr einen j\u00e4hrlich geplanten Sportevent der Gemeinde Davos. Mit dem Event m\u00f6chten die Organisatoren den Laufsport in den Bergen f\u00f6rdern. Das Plakat soll einen intimen Moment einer intensive Wirkung von Trance und Flow beim Langstreckenlaufen in einer magischen Berglandschaft kommunizieren.<\/p>\n\n\n\n<p>Das Marketingteam hat dazu den Slogan \u201eDavos l\u00e4uft&#8220; entwickelt. Das \u201eDavos&#8220; soll einerseits als Ortsname verstanden und andererseits (mit derselben Buchstabenfolge D a v o s) durch Gestaltung und geschickte Typografie als \u201eDa, wo es l\u00e4uft&#8220; gelesen werden k\u00f6nnen. <\/p>\n\n\n\n<p>Nebst drei unaufdringlich gesetzten Logos (z.B. Gemeinde, Krankenkassenversicherung, Sportartikelverk\u00e4ufer) muss folgender Text integriert werden:<\/p>\n\n\n\n<p>\u2022 Davos l\u00e4uft<br>\u2022 Magisch im Flow<br>\u2022 Datum von einem Sommerwochenende<br>\u2022 www.davos-laeuft.ch<\/p>\n\n\n\n<h3 class=\"wp-block-heading\">Kriterien<\/h3>\n\n\n\n<ul class=\"wp-block-list\">\n<li>Inneres Design: grafisch stimmig und stringent (Einheitlichkeit), pr\u00e4gnant (auf den Punkt gebracht) und Leserlichkeit der gut verteilten Textteile<\/li>\n\n\n\n<li>\u00c4usseres Design: ad\u00e4quate visuelle Kommunikation der gew\u00fcnschten Wirkung nach aussen durch Farbe, Form, Typografie, Motiv<\/li>\n\n\n\n<li>Gesamteindruck (Originalit\u00e4t in der Umsetzung des Auftrages, Einhaltung der Vorgaben, Unerwartetes)<\/li>\n<\/ul>\n\n\n\n<figure class=\"wp-block-image size-large\"><img loading=\"lazy\" decoding=\"async\" width=\"1024\" height=\"810\" src=\"https:\/\/kunstunterricht.ch\/e\/wp-content\/uploads\/2024\/02\/Davos-laeuft_Arbeitsflaeche-1-1024x810.png\" alt=\"\" class=\"wp-image-6990\" srcset=\"https:\/\/kunstunterricht.ch\/e\/wp-content\/uploads\/2024\/02\/Davos-laeuft_Arbeitsflaeche-1-1024x810.png 1024w, https:\/\/kunstunterricht.ch\/e\/wp-content\/uploads\/2024\/02\/Davos-laeuft_Arbeitsflaeche-1-300x237.png 300w, https:\/\/kunstunterricht.ch\/e\/wp-content\/uploads\/2024\/02\/Davos-laeuft_Arbeitsflaeche-1-768x607.png 768w, https:\/\/kunstunterricht.ch\/e\/wp-content\/uploads\/2024\/02\/Davos-laeuft_Arbeitsflaeche-1-1536x1214.png 1536w, https:\/\/kunstunterricht.ch\/e\/wp-content\/uploads\/2024\/02\/Davos-laeuft_Arbeitsflaeche-1.png 1600w\" sizes=\"auto, (max-width: 1024px) 100vw, 1024px\" \/><\/figure>\n\n\n\n<h3 class=\"wp-block-heading\">Material<\/h3>\n\n\n\n<ul class=\"wp-block-list\">\n<li>Motiv durch Text-zu-Bild-Produktion (KI z.b. Fireflye)<\/li>\n\n\n\n<li>Vektor- oder Pixelbildbearbeitungsprogramm bzw. in Kombination<\/li>\n\n\n\n<li>Logos der Sponsoren<\/li>\n<\/ul>\n","protected":false},"excerpt":{"rendered":"<p>In diesem fiktiven Auftrag f\u00fcr Grafikdesign gestaltest du einen Plakatentwurf.<\/p>\n","protected":false},"author":1,"featured_media":6987,"comment_status":"open","ping_status":"open","sticky":false,"template":"","format":"standard","meta":{"_acf_changed":false,"footnotes":""},"categories":[15],"tags":[34,35,37,33],"class_list":["post-509","post","type-post","status-publish","format-standard","has-post-thumbnail","hentry","category-auftraege","tag-grafikdesign-visuelle-kommunikation","tag-kommunikation","tag-landschaft","tag-neue-medien"],"acf":[],"_links":{"self":[{"href":"https:\/\/kunstunterricht.ch\/e\/wp-json\/wp\/v2\/posts\/509","targetHints":{"allow":["GET"]}}],"collection":[{"href":"https:\/\/kunstunterricht.ch\/e\/wp-json\/wp\/v2\/posts"}],"about":[{"href":"https:\/\/kunstunterricht.ch\/e\/wp-json\/wp\/v2\/types\/post"}],"author":[{"embeddable":true,"href":"https:\/\/kunstunterricht.ch\/e\/wp-json\/wp\/v2\/users\/1"}],"replies":[{"embeddable":true,"href":"https:\/\/kunstunterricht.ch\/e\/wp-json\/wp\/v2\/comments?post=509"}],"version-history":[{"count":4,"href":"https:\/\/kunstunterricht.ch\/e\/wp-json\/wp\/v2\/posts\/509\/revisions"}],"predecessor-version":[{"id":7001,"href":"https:\/\/kunstunterricht.ch\/e\/wp-json\/wp\/v2\/posts\/509\/revisions\/7001"}],"wp:featuredmedia":[{"embeddable":true,"href":"https:\/\/kunstunterricht.ch\/e\/wp-json\/wp\/v2\/media\/6987"}],"wp:attachment":[{"href":"https:\/\/kunstunterricht.ch\/e\/wp-json\/wp\/v2\/media?parent=509"}],"wp:term":[{"taxonomy":"category","embeddable":true,"href":"https:\/\/kunstunterricht.ch\/e\/wp-json\/wp\/v2\/categories?post=509"},{"taxonomy":"post_tag","embeddable":true,"href":"https:\/\/kunstunterricht.ch\/e\/wp-json\/wp\/v2\/tags?post=509"}],"curies":[{"name":"wp","href":"https:\/\/api.w.org\/{rel}","templated":true}]}}