{"id":507,"date":"2013-09-10T20:55:46","date_gmt":"2013-09-10T20:55:46","guid":{"rendered":"https:\/\/kunstunterricht.ch\/e\/2013\/09\/10\/grammatik-der-bildsprache-formale-gestaltungsprinzipien\/"},"modified":"2023-04-17T21:19:02","modified_gmt":"2023-04-17T21:19:02","slug":"grammatik-der-bildsprache-formale-gestaltungsprinzipien","status":"publish","type":"post","link":"https:\/\/kunstunterricht.ch\/e\/grammatik-der-bildsprache-formale-gestaltungsprinzipien\/","title":{"rendered":"Kleines ABC der Bildsprache"},"content":{"rendered":"\n<p>\u00dcber Bildsprache und einige formale Gestaltungsprinzipien.<\/p>\n\n\n\n<!--more-->\n\n\n\n<h3 class=\"wp-block-heading\">Bildwahrnehmung und Bildsprache<\/h3>\n\n\n\n<p>In Bildern zu denken haben wir von Kindsbeinen an gelernt. Dies geschieht jedoch grossteils unbewusst und basiert meist auf realen Erlebnissen. Zum Beispiel erinnert uns eine Diagonale an etwas, das gerade umf\u00e4llt, w\u00e4hrend wir bei einer Senkrechten oder gar Horizontalen eher an etwas Stehendes oder Liegendes denken. Somit nehmen wir eine Horizontale statischer wahr als eine Diagonale. Bevor wir jedoch auf diese Bildgrammatik eingehen, also auf die Anordnung von Bildelementen und deren Folgen, m\u00f6chten wir hier noch auf zwei Prinzipien hinweisen, welche die Wahrnehmung des Menschen bestimmen. Die Wahrnehmung des Menschen sucht erstens nach einer visuellen Ordnung (1.)&nbsp; und zweitens nach Raumtiefe (2.). Das heisst:<\/p>\n\n\n<p>\u00a0<\/p>\n<table style=\"width: 600px;\" border=\"0\">\n<tbody>\n<tr>\n<td style=\"width: 65px;\" valign=\"top\"><img loading=\"lazy\" decoding=\"async\" class=\" size-full wp-image-492\" src=\"https:\/\/kunstunterricht.ch\/e\/wp-content\/uploads\/2013\/09\/14.jpg\" alt=\"14\" width=\"65\" height=\"50\" \/><\/td>\n<td style=\"width: 5px;\">\n<p style=\"margin-top: 0px; margin-bottom: 0px; line-height: normal; font-size: 11.5px; font-family: 'Minion Pro';\">\u00a0\u00a0<\/p>\n<\/td>\n<td valign=\"top\">1. Wenn wir ein Bild wahrnehmen, schaffen wir unwillk\u00fcrlich Ordnung. Verbundenes, Nahes oder \u00c4hnliches fassen wir zusammen. In diesem Beispiel entstehen so durch das Gesetz der \u00c4hnlichkeit aus den zw\u00f6lf Elementen zwei Gruppen. (siehe weitere <a href=\"http:\/\/de.wikipedia.org\/wiki\/Gestaltpsychologie#Gestaltgesetze\">Gestaltgesetze<\/a>)<\/td>\n<td style=\"width: 10px;\" valign=\"top\">\u00a0<\/td>\n<td style=\"width: 65px;\" valign=\"top\"><img loading=\"lazy\" decoding=\"async\" class=\" size-full wp-image-493\" src=\"https:\/\/kunstunterricht.ch\/e\/wp-content\/uploads\/2013\/09\/15.jpg\" alt=\"15\" width=\"65\" height=\"50\" \/><\/td>\n<td style=\"width: 5px;\">\n<p style=\"margin-top: 0px; margin-bottom: 0px; font-size: 12px; line-height: normal; font-family: 'Minion Pro';\">\u00a0\u00a0<\/p>\n<\/td>\n<td valign=\"top\">2. Ausserdem versuchen wir das eigentlich flache Bild als dreidimensionalen Raum zu lesen (von Figur und Grund \u00fcber Vorder-, Mittel-, Hintergrund bis zu komplexe ineinandergreifende Raumkonzepte). In diesem Beispiel entsteht die Raumtiefe mittels Gr\u00f6ssenabstufung, unterschiedlicher Anordnung in der Bildh\u00f6he und \u00dcberdeckung. (siehe weitere <a href=\"index.php?option=com_content&amp;view=article&amp;id=100;perspektivische-merkmale-kurz-und-knapp&amp;catid=40;alle-grundlagen&amp;Itemid=73\">perspektivische Merkmale<\/a>)<\/td>\n<\/tr>\n<\/tbody>\n<\/table>\n<p>\u00a0<\/p>\n<h3>Formale Gestaltungsprinzipien, die Grammatik der Bildsprache<\/h3>\n<p>Im Folgenden werden nun einige formale Gestaltungsprinzipien und Hinweise dargelegt. Diese lassen sich in verschiedenen gestalterischen Bereichen anwenden, wie unter anderem im Layout des Grafikdesigns, in der Bildkomposition einer Zeichnung oder bei der Inszenierung mit Fotografie.<\/p>\n<table style=\"width: 600px;\" border=\"0\">\n<tbody>\n<tr>\n<td style=\"width: 65px;\" valign=\"top\"><img loading=\"lazy\" decoding=\"async\" class=\" size-full wp-image-494\" src=\"https:\/\/kunstunterricht.ch\/e\/wp-content\/uploads\/2013\/09\/10.jpg\" alt=\"10\" width=\"65\" height=\"50\" \/><\/td>\n<td style=\"width: 5px;\">\u00a0<\/td>\n<td valign=\"top\">\n<p>Ein Querformat wirkt ruhig, gesetzt und eher passiv.<\/p>\n<\/td>\n<td style=\"width: 10px;\" valign=\"top\">\u00a0<\/td>\n<td style=\"width: 65px;\" valign=\"top\"><img loading=\"lazy\" decoding=\"async\" class=\" size-full wp-image-495\" src=\"https:\/\/kunstunterricht.ch\/e\/wp-content\/uploads\/2013\/09\/12.jpg\" alt=\"12\" width=\"50\" height=\"65\" \/><\/td>\n<td style=\"width: 5px;\">\u00a0<\/td>\n<td valign=\"top\">Das Hochformat wirkt aktiver, dynamischer.<\/td>\n<\/tr>\n<tr>\n<td valign=\"top\">\u00a0<\/td>\n<td>\u00a0<\/td>\n<td valign=\"top\">\u00a0<\/td>\n<td valign=\"top\">\u00a0<\/td>\n<td valign=\"top\">\u00a0<\/td>\n<td>\u00a0<\/td>\n<td valign=\"top\">\u00a0<\/td>\n<\/tr>\n<tr>\n<td valign=\"top\"><img loading=\"lazy\" decoding=\"async\" class=\" size-full wp-image-496\" src=\"https:\/\/kunstunterricht.ch\/e\/wp-content\/uploads\/2013\/09\/01.jpg\" alt=\"01\" width=\"65\" height=\"50\" \/><\/td>\n<td>\n<p style=\"margin-top: 0px; margin-bottom: 0px; line-height: normal; font-size: 11.5px; font-family: 'Minion Pro';\">\u00a0\u00a0<\/p>\n<\/td>\n<td valign=\"top\">Symmetrie wirkt ausgewogen, monumental, ev. langweilig; Der Punkt ist statisch, wie festgemacht.<\/td>\n<td valign=\"top\">\u00a0<\/td>\n<td valign=\"top\"><img loading=\"lazy\" decoding=\"async\" class=\" size-full wp-image-497\" src=\"https:\/\/kunstunterricht.ch\/e\/wp-content\/uploads\/2013\/09\/2punkt.jpg\" alt=\"2punkt\" width=\"65\" height=\"50\" \/><\/td>\n<td>\n<p style=\"margin-top: 0px; margin-bottom: 0px; font-size: 12px; line-height: normal; font-family: 'Minion Pro';\">\u00a0\u00a0<\/p>\n<\/td>\n<td valign=\"top\">Asymmetrie bewirkt Spannung, deutet auf Bewegung.<\/td>\n<\/tr>\n<tr>\n<td>\u00a0<\/td>\n<td>\u00a0<\/td>\n<td>\u00a0<\/td>\n<td>\u00a0<\/td>\n<td>\u00a0<\/td>\n<td>\u00a0<\/td>\n<td>\u00a0<\/td>\n<\/tr>\n<tr>\n<td valign=\"top\"><img loading=\"lazy\" decoding=\"async\" class=\" size-full wp-image-498\" src=\"https:\/\/kunstunterricht.ch\/e\/wp-content\/uploads\/2013\/09\/4.jpg\" alt=\"4\" width=\"65\" height=\"50\" \/><\/td>\n<td>\u00a0<\/td>\n<td valign=\"top\">\n<p>Waagrechte und Senkrechte bringen Ruhe und wirken fl\u00e4chig.<\/p>\n<\/td>\n<td valign=\"top\">\u00a0<\/td>\n<td valign=\"top\"><img loading=\"lazy\" decoding=\"async\" class=\" size-full wp-image-499\" src=\"https:\/\/kunstunterricht.ch\/e\/wp-content\/uploads\/2013\/09\/3.jpg\" alt=\"3\" width=\"65\" height=\"50\" \/><\/td>\n<td>\u00a0<\/td>\n<td valign=\"top\">Diagonalen und andere Schr\u00e4gen wirken dynamischer und k\u00f6nnen auch auf Raumtiefe verweisen.<\/td>\n<\/tr>\n<tr>\n<td>\u00a0<\/td>\n<td>\u00a0<\/td>\n<td>\u00a0<\/td>\n<td>\u00a0<\/td>\n<td>\u00a0<\/td>\n<td>\u00a0<\/td>\n<td>\u00a0<\/td>\n<\/tr>\n<tr>\n<td valign=\"top\"><img loading=\"lazy\" decoding=\"async\" class=\" size-full wp-image-500\" src=\"https:\/\/kunstunterricht.ch\/e\/wp-content\/uploads\/2013\/09\/6.jpg\" alt=\"6\" width=\"65\" height=\"50\" \/><\/td>\n<td valign=\"top\">\u00a0<\/td>\n<td valign=\"top\">\n<p>Regelm\u00e4ssige Anordnungen oder Reihen erzeugen Rythmus und Distanz.<\/p>\n<\/td>\n<td valign=\"top\">\u00a0<\/td>\n<td valign=\"top\"><img loading=\"lazy\" decoding=\"async\" class=\" size-full wp-image-501\" src=\"https:\/\/kunstunterricht.ch\/e\/wp-content\/uploads\/2013\/09\/5.jpg\" alt=\"5\" width=\"65\" height=\"50\" \/><\/td>\n<td>\u00a0<\/td>\n<td valign=\"top\">\u00dcberlagerungen bewirken Dichte, Spannung, Gewicht; sie wirken tendentiell organischer und lebendiger als eine regelm\u00e4ssige Anordnung.<\/td>\n<\/tr>\n<tr>\n<td>\u00a0<\/td>\n<td>\u00a0<\/td>\n<td>\u00a0<\/td>\n<td>\u00a0<\/td>\n<td>\u00a0<\/td>\n<td>\u00a0<\/td>\n<td>\u00a0<\/td>\n<\/tr>\n<tr>\n<td valign=\"top\"><img loading=\"lazy\" decoding=\"async\" class=\" size-full wp-image-502\" src=\"https:\/\/kunstunterricht.ch\/e\/wp-content\/uploads\/2013\/09\/7.jpg\" alt=\"7\" width=\"65\" height=\"50\" \/><\/td>\n<td valign=\"top\">\u00a0<\/td>\n<td valign=\"top\">Eine Bewegung oder Anordnung von links unten nach rechts oben wird in der westlichen Welt positiv konnotiert. Zudem weist der Blick oder eine Bewegung nach rechts eher in die Zukunft!<\/td>\n<td valign=\"top\">\u00a0<\/td>\n<td valign=\"top\"><img loading=\"lazy\" decoding=\"async\" class=\" size-full wp-image-503\" src=\"https:\/\/kunstunterricht.ch\/e\/wp-content\/uploads\/2013\/09\/8.jpg\" alt=\"8\" width=\"65\" height=\"50\" \/><\/td>\n<td>\u00a0<\/td>\n<td valign=\"top\">Von rechts oben nach links unten wird hingegen negativ konnotiert. Rechts nach links weist tendentiell in die Vergangenheit.<\/td>\n<\/tr>\n<tr>\n<td>\u00a0<\/td>\n<td>\u00a0<\/td>\n<td>\u00a0<\/td>\n<td>\u00a0<\/td>\n<td>\u00a0<\/td>\n<td>\u00a0<\/td>\n<td>\u00a0<\/td>\n<\/tr>\n<tr>\n<td valign=\"top\"><img loading=\"lazy\" decoding=\"async\" class=\" size-full wp-image-504\" src=\"https:\/\/kunstunterricht.ch\/e\/wp-content\/uploads\/2013\/09\/13.jpg\" alt=\"13\" width=\"65\" height=\"50\" \/><\/td>\n<td>\u00a0<\/td>\n<td valign=\"top\">Die optische Mitte liegt \u00fcber der mathematischen Mitte. Mittig ausgerichtete Bildkompositionen wirken monumental aber auch monoton.<\/td>\n<td valign=\"top\">\u00a0<\/td>\n<td valign=\"top\"><img loading=\"lazy\" decoding=\"async\" class=\" size-full wp-image-505\" src=\"https:\/\/kunstunterricht.ch\/e\/wp-content\/uploads\/2013\/09\/9.jpg\" alt=\"9\" width=\"65\" height=\"50\" \/><\/td>\n<td>\u00a0<\/td>\n<td valign=\"top\">Um dies zu verhindern, k\u00f6nnen pr\u00e4gnante Elemente wie Horizont oder Gesicht in den goldenen Schnitt gesetzt werden; dies wirkt harmonisch, ausgewogen und trotzdem nicht langweilig.<\/td>\n<\/tr>\n<tr>\n<td>\u00a0<\/td>\n<td>\u00a0<\/td>\n<td>\u00a0<\/td>\n<td>\u00a0<\/td>\n<td>\u00a0<\/td>\n<td>\u00a0<\/td>\n<td>\u00a0<\/td>\n<\/tr>\n<tr>\n<td valign=\"top\"><img loading=\"lazy\" decoding=\"async\" class=\" size-full wp-image-506\" src=\"https:\/\/kunstunterricht.ch\/e\/wp-content\/uploads\/2013\/09\/11.jpg\" alt=\"11\" width=\"65\" height=\"50\" \/><\/td>\n<td>\u00a0<\/td>\n<td valign=\"top\">Zur Gestaltung der Komposition muss insbesondere der Bildrand ber\u00fccksichtig werden. Personen oder Dinge k\u00f6nnen angeschnitten werden, was den Bildraum \u00fcber die Bildfl\u00e4che hinaus erweitert sowie ein &#8222;Eintauchen&#8220; in die dreidimensionale Welt des Bildes erleichtert (<a href=\"index.php?option=com_content&amp;view=article&amp;id=240;bildimmersion&amp;catid=40;alle-grundlagen&amp;Itemid=73\">Bildimmersion<\/a>).<\/td>\n<td valign=\"top\">\u00a0<\/td>\n<td valign=\"top\"><img loading=\"lazy\" decoding=\"async\" class=\" size-full wp-image-506\" src=\"https:\/\/kunstunterricht.ch\/e\/wp-content\/uploads\/2013\/09\/11.jpg\" alt=\"11\" width=\"65\" height=\"50\" \/><\/td>\n<td>\u00a0<\/td>\n<td valign=\"top\">Auch der Zwischenraum &#8211; im Grafikdesign oft als Weissraum bezeichnet &#8211; ist f\u00fcr die Bildkomposition ein wichtiges Gestaltungselement und spielt bei der Bildordnung eine wesentliche Rolle: Viele Zwischenre\u00e4ume wirken unruhig, wenig wirken ruhig.<\/td>\n<\/tr>\n<\/tbody>\n<\/table>","protected":false},"excerpt":{"rendered":"<p>\u00dcber Bildsprache und einige formale Gestaltungsprinzipien.<\/p>\n","protected":false},"author":8,"featured_media":492,"comment_status":"open","ping_status":"open","sticky":false,"template":"","format":"standard","meta":{"_acf_changed":false,"footnotes":""},"categories":[84],"tags":[34,35,36],"class_list":["post-507","post","type-post","status-publish","format-standard","has-post-thumbnail","hentry","category-theorie","tag-grafikdesign-visuelle-kommunikation","tag-kommunikation","tag-komposition-bildflaeche"],"acf":[],"_links":{"self":[{"href":"https:\/\/kunstunterricht.ch\/e\/wp-json\/wp\/v2\/posts\/507","targetHints":{"allow":["GET"]}}],"collection":[{"href":"https:\/\/kunstunterricht.ch\/e\/wp-json\/wp\/v2\/posts"}],"about":[{"href":"https:\/\/kunstunterricht.ch\/e\/wp-json\/wp\/v2\/types\/post"}],"author":[{"embeddable":true,"href":"https:\/\/kunstunterricht.ch\/e\/wp-json\/wp\/v2\/users\/8"}],"replies":[{"embeddable":true,"href":"https:\/\/kunstunterricht.ch\/e\/wp-json\/wp\/v2\/comments?post=507"}],"version-history":[{"count":2,"href":"https:\/\/kunstunterricht.ch\/e\/wp-json\/wp\/v2\/posts\/507\/revisions"}],"predecessor-version":[{"id":2299,"href":"https:\/\/kunstunterricht.ch\/e\/wp-json\/wp\/v2\/posts\/507\/revisions\/2299"}],"wp:featuredmedia":[{"embeddable":true,"href":"https:\/\/kunstunterricht.ch\/e\/wp-json\/wp\/v2\/media\/492"}],"wp:attachment":[{"href":"https:\/\/kunstunterricht.ch\/e\/wp-json\/wp\/v2\/media?parent=507"}],"wp:term":[{"taxonomy":"category","embeddable":true,"href":"https:\/\/kunstunterricht.ch\/e\/wp-json\/wp\/v2\/categories?post=507"},{"taxonomy":"post_tag","embeddable":true,"href":"https:\/\/kunstunterricht.ch\/e\/wp-json\/wp\/v2\/tags?post=507"}],"curies":[{"name":"wp","href":"https:\/\/api.w.org\/{rel}","templated":true}]}}