{"id":477,"date":"2012-05-30T09:15:50","date_gmt":"2012-05-30T09:15:50","guid":{"rendered":"https:\/\/kunstunterricht.ch\/e\/2012\/05\/30\/hochalpiner-sturz-malerei\/"},"modified":"2023-06-14T21:41:58","modified_gmt":"2023-06-14T21:41:58","slug":"hochalpiner-sturz-malerei","status":"publish","type":"post","link":"https:\/\/kunstunterricht.ch\/e\/hochalpiner-sturz-malerei\/","title":{"rendered":"Hochalpiner Sturz! (Malerei)"},"content":{"rendered":"\n<p>In diesem Auftrag sollen Sie einen Sturz eines Bergsteigers im hochalpinen Gebirge gestalten. Hierbei werden von Ihnen r\u00e4umliches Vorstellungs- und Darstellungsverm\u00f6gen verlangt. Gearbeitet wird mit Bleistift und danach Malfarbe auf Papier.<\/p>\n\n\n\n<!--more-->\n\n\n\n<h1 class=\"wp-block-heading\">Vorkenntnisse \/ Vor\u00fcbungen<\/h1>\n\n\n\n<ul class=\"wp-block-list\">\n<li>Theorie und \u00dcbung zu den <a href=\"grundlagen\/100-perspektivische-merkmale-kurz-und-knapp\">perspektivischen Merkmalen<\/a><\/li>\n\n\n\n<li>Berglandschaft mit Hilfe des Horizontes r\u00e4umlich anordnen k\u00f6nnen<\/li>\n\n\n\n<li>Eigene Figur mit plausibler Haltung und korrekten Proportion im transitorischen Moment zeichnerisch entwickeln k\u00f6nnen<\/li>\n<\/ul>\n\n\n\n<div class=\"wp-block-columns is-layout-flex wp-container-core-columns-is-layout-28f84493 wp-block-columns-is-layout-flex\">\n<div class=\"wp-block-column is-layout-flow wp-block-column-is-layout-flow\">\n<figure class=\"wp-block-image size-full\"><img loading=\"lazy\" decoding=\"async\" width=\"600\" height=\"757\" src=\"https:\/\/kunstunterricht.ch\/e\/wp-content\/uploads\/2023\/06\/600px-Ueber-die-sammlung-19-jahrhundert-caspar-david-friedrich-wanderer-ueber-dem-nebelmeer.jpg\" alt=\"\" class=\"wp-image-3454\" srcset=\"https:\/\/kunstunterricht.ch\/e\/wp-content\/uploads\/2023\/06\/600px-Ueber-die-sammlung-19-jahrhundert-caspar-david-friedrich-wanderer-ueber-dem-nebelmeer.jpg 600w, https:\/\/kunstunterricht.ch\/e\/wp-content\/uploads\/2023\/06\/600px-Ueber-die-sammlung-19-jahrhundert-caspar-david-friedrich-wanderer-ueber-dem-nebelmeer-238x300.jpg 238w\" sizes=\"auto, (max-width: 600px) 100vw, 600px\" \/><\/figure>\n\n\n\n<p><em>Caspar David Friedrich: Der Wanderer \u00fcber dem Nebelmeer, 1818<\/em> (<a href=\"https:\/\/de.wikipedia.org\/wiki\/Der_Wanderer_\u00fcber_dem_Nebelmeer#\/media\/Datei:Ueber-die-sammlung-19-jahrhundert-caspar-david-friedrich-wanderer-ueber-dem-nebelmeer.jpg\">wp<\/a>)<\/p>\n<\/div>\n\n\n\n<div class=\"wp-block-column is-layout-flow wp-block-column-is-layout-flow\">\n<figure class=\"wp-block-image\"><a href=\"http:\/\/de.wikipedia.org\/w\/index.php?title=Datei:Bierstadt_A_Storm_in_the_Rocky_Mountains,_Mt_Rosalie.jpg&amp;filetimestamp=20091119212240\" target=\"_blank\" rel=\"noreferrer noopener\"><img decoding=\"async\" src=\"http:\/\/upload.wikimedia.org\/wikipedia\/commons\/thumb\/f\/fa\/Bierstadt_A_Storm_in_the_Rocky_Mountains%2C_Mt_Rosalie.jpg\/240px-Bierstadt_A_Storm_in_the_Rocky_Mountains%2C_Mt_Rosalie.jpg\" alt=\" \"\/><\/a><\/figure>\n\n\n\n<p><em>Albert Bierstadt: Storm in the Rocky Mountains, Mount Rosalie<\/em>, 1866 (<a href=\"https:\/\/en.wikipedia.org\/wiki\/A_Storm_in_the_Rocky_Mountains,_Mt._Rosalie#\/media\/File:Albert_Bierstadt_-_A_Storm_in_the_Rocky_Mountains,_Mt._Rosalie_-_Google_Art_Project.jpg\">wp<\/a>)<\/p>\n<\/div>\n\n\n\n<div class=\"wp-block-column is-layout-flow wp-block-column-is-layout-flow\">\n<figure class=\"wp-block-image\"><a href=\"http:\/\/de.wikipedia.org\/w\/index.php?title=Datei:Alpinistes_Aiguille_du_Midi_03.JPG&amp;filetimestamp=20070915153253\" target=\"_blank\" rel=\"noreferrer noopener\"><img decoding=\"async\" src=\"http:\/\/upload.wikimedia.org\/wikipedia\/commons\/thumb\/4\/4c\/Alpinistes_Aiguille_du_Midi_03.JPG\/220px-Alpinistes_Aiguille_du_Midi_03.JPG\" alt=\" \"\/><\/a><\/figure>\n\n\n\n<p><em>Bergsteiger beim Abstieg von der Aiguille du Midi, von <a href=\"http:\/\/commons.wikimedia.org\/wiki\/User:Benh\">Benh LIEU SONG<\/a> 2007 (<a href=\"https:\/\/de.wikipedia.org\/w\/index.php?title=Datei:Alpinistes_Aiguille_du_Midi_03.JPG&amp;filetimestamp=20070915153253\">wp<\/a>)<\/em><\/p>\n<\/div>\n<\/div>\n\n\n\n<h1 class=\"wp-block-heading\">Einleitung<\/h1>\n\n\n\n<p>Berge \u00fcben seit jeher auf den Menschen eine grosse Faszination aus. Galt es fr\u00fcher im Gebirge die P\u00e4sse mit grosser Furcht und Demut heil zu \u00fcberqueren, begann man im Zuge des breiten Alpinismus im 19. Jahrhundert die Berge zu bannen: man erzwingte und vermesste sie! Heute hat der der Extremsport-Tourismus das hochalpine Gebirge erreicht, der jedoch nicht immer f\u00fcr gute Schlagzeilen sorgt: &#8222;<a href=\"http:\/\/www.tagesanzeiger.ch\/wissen\/natur\/Schon-stehen-wieder-Hunderte-am-Everest\/story\/26656248\" target=\"_blank\" rel=\"noopener\">Schon wieder stehen Hunderte am Everest<\/a> &#8222;,&nbsp; &#8222;<a href=\"http:\/\/www.nzz.ch\/aktuell\/panorama\/himalaja_bergdrama_tote_1.797542.html\" target=\"_blank\" rel=\"noopener\">Wieder Bergdrama im Himalaja<\/a> &#8222;,&nbsp; &#8222;<a href=\"http:\/\/www.tagesanzeiger.ch\/wissen\/natur\/Man-kann-einfach-nicht-mehr-helfen\/story\/29663241\" target=\"_blank\" rel=\"noopener\">Leichen s\u00e4umen den Weg der Everest-Bezwinger<\/a>&#8222;. Wieso sollte man sich einer solchen Gefahr aussetzen? Was l\u00f6st diese Faszination aus?<\/p>\n\n\n\n<h1 class=\"wp-block-heading\">Auftrag<\/h1>\n\n\n\n<p>Gestalten Sie eine fiktive, hochalpine Berglandschaft, die Sie aus einem vorgegebenen Bildmaterial entwickeln k\u00f6nnen. Der Ausblick soll so majest\u00e4tisch und wuchtig wirken, dass die Faszination f\u00fcr die Berge leicht nachvollziehbar wird. Allerdings nur f\u00fcr einen Moment: Denn im Vordergrund des Bildes spielt sich ein Drama ab. Ein Bergsteiger befindet sich gerade im transitorischen Moment, hat den Halt verloren und ist im Begriffe abst\u00fcrzen. Vorher und nachher sind in diesem Momtent vereint. Der majest\u00e4tische und wuchtige Augenblick ist verg\u00e4nglich.<\/p>\n\n\n\n<p>Tageszeit, Wetter, Lichtstimmung, Jahreszeit, Bildgeschichte etc. d\u00fcrfen Sie selbst bestimmen und zum Zwecke einer spannenden Visualisierung gestalten. Ziel ist es, nebst der fig\u00fcrlichen Herausforderung mit den perspektivischen Merkmalen wie \u00dcberschneidung, Eigenschatten, Farbperspektive etc. eine hohe Raumtiefe zu erreichen. Beginnen Sie mit einer Unterzeichnung mit Belistift, die Sie anschliessend mit Malfarbe deckend \u00fcbermalen.<\/p>\n\n\n\n<h1 class=\"wp-block-heading\">Kriterien<\/h1>\n\n\n\n<ul class=\"wp-block-list\">\n<li>Hohe und korrekte Raumtiefe (persp. Merkmale, Berganordnung, Licht-Schattenf\u00fchrung),&nbsp;<\/li>\n\n\n\n<li>Ausdrucksstarke und plausible Figur in Bewegung (Haltung, Proportion)<\/li>\n\n\n\n<li>Spannende Erz\u00e4hlung (Stimmung, Bildgeschichte)<\/li>\n\n\n\n<li>Gesamteindruck (Pinseleinsatz etc.)<\/li>\n<\/ul>\n\n\n\n<h1 class=\"wp-block-heading\">Links<\/h1>\n\n\n\n<ul class=\"wp-block-list\">\n<li>Lineare Schweizer Panoramen: <a href=\"http:\/\/www.gipfelderschweiz.ch\" target=\"_blank\" rel=\"noopener\">www.gipfelderschweiz.ch<\/a><\/li>\n<\/ul>\n\n\n\n<h1 class=\"wp-block-heading\">Material<\/h1>\n\n\n\n<ul class=\"wp-block-list\">\n<li>Vorgegebenes Bildmaterial: Fotos und Malerei von Bergen, Felsen, Schnee etc.<\/li>\n\n\n\n<li>Skizzen und Unterzeichnung mit Bleistift<\/li>\n\n\n\n<li>Ausf\u00fchrung mit Gouachemalfarbe auf ca. A3 Papier<\/li>\n<\/ul>\n","protected":false},"excerpt":{"rendered":"<p>In diesem Auftrag sollen Sie einen Sturz eines Bergsteigers im hochalpinen Gebirge gestalten. Hierbei werden von Ihnen r\u00e4umliches Vorstellungs- und Darstellungsverm\u00f6gen verlangt. Gearbeitet wird mit Bleistift und danach Malfarbe auf Papier.<\/p>\n","protected":false},"author":1,"featured_media":3455,"comment_status":"open","ping_status":"open","sticky":false,"template":"","format":"standard","meta":{"_acf_changed":false,"footnotes":""},"categories":[15],"tags":[30,29,50,47,37,27],"class_list":["post-477","post","type-post","status-publish","format-standard","has-post-thumbnail","hentry","category-auftraege","tag-bildnerische-mittel","tag-bildraum-perspektive","tag-figur-mensch-gesicht","tag-kreativitaet-phantasie","tag-landschaft","tag-malerei"],"acf":[],"_links":{"self":[{"href":"https:\/\/kunstunterricht.ch\/e\/wp-json\/wp\/v2\/posts\/477","targetHints":{"allow":["GET"]}}],"collection":[{"href":"https:\/\/kunstunterricht.ch\/e\/wp-json\/wp\/v2\/posts"}],"about":[{"href":"https:\/\/kunstunterricht.ch\/e\/wp-json\/wp\/v2\/types\/post"}],"author":[{"embeddable":true,"href":"https:\/\/kunstunterricht.ch\/e\/wp-json\/wp\/v2\/users\/1"}],"replies":[{"embeddable":true,"href":"https:\/\/kunstunterricht.ch\/e\/wp-json\/wp\/v2\/comments?post=477"}],"version-history":[{"count":2,"href":"https:\/\/kunstunterricht.ch\/e\/wp-json\/wp\/v2\/posts\/477\/revisions"}],"predecessor-version":[{"id":3456,"href":"https:\/\/kunstunterricht.ch\/e\/wp-json\/wp\/v2\/posts\/477\/revisions\/3456"}],"wp:featuredmedia":[{"embeddable":true,"href":"https:\/\/kunstunterricht.ch\/e\/wp-json\/wp\/v2\/media\/3455"}],"wp:attachment":[{"href":"https:\/\/kunstunterricht.ch\/e\/wp-json\/wp\/v2\/media?parent=477"}],"wp:term":[{"taxonomy":"category","embeddable":true,"href":"https:\/\/kunstunterricht.ch\/e\/wp-json\/wp\/v2\/categories?post=477"},{"taxonomy":"post_tag","embeddable":true,"href":"https:\/\/kunstunterricht.ch\/e\/wp-json\/wp\/v2\/tags?post=477"}],"curies":[{"name":"wp","href":"https:\/\/api.w.org\/{rel}","templated":true}]}}