{"id":455,"date":"2010-12-08T23:19:51","date_gmt":"2010-12-08T23:19:51","guid":{"rendered":"https:\/\/kunstunterricht.ch\/e\/2010\/12\/08\/weihnchtliches-leuchten-lucy-oder-lulu\/"},"modified":"2023-08-27T10:52:42","modified_gmt":"2023-08-27T10:52:42","slug":"weihnchtliches-leuchten-lucy-oder-lulu","status":"publish","type":"post","link":"https:\/\/kunstunterricht.ch\/e\/weihnchtliches-leuchten-lucy-oder-lulu\/","title":{"rendered":"Weihnachtliches Leuchten: Lucy oder Lulu?"},"content":{"rendered":"\n<p>Es scheint so, als ob sich Z\u00fcrich und Luzern mit der diesj\u00e4hrigen Weihnachtsbeleuchtung einen kleinen Wettstreit liefern. Das erinnert an den Wettstreit der toskanischen St\u00e4dte im Quatrocento. Nur, dass hier nicht mit Gem\u00e4lden und Bildhauerei konkurrenziert wird, sondern mit Weihnachtsbeleuchtungen, welche die konsumfreudigen Leute auf der Bahnhofstrasse und Hauptbr\u00fccke verzaubern sollen. Die Beleuchtungen heissen Lucy und Loulou. In diesem Auftrag entwickelst du deinen eigenen Vorschlag f\u00fcr eine Weihnachtsbeleuchtung. Nebst kreativen Ideen ben\u00f6tigst du f\u00fcr die Visualisierung perspektifisches Zeichnens und das Arbeiten mit Licht.<\/p>\n\n\n\n<!--more-->\n\n\n<h1>Ziele<\/h1>\n<p>Verbesserung der Fertigkeiten f\u00fcr die:<\/p>\n<ul>\n<li>lineare Raumdarstellung mit Punktperspektive,<\/li>\n<li>tonwertige Raumdarstellung mit Licht und Schatten.<\/li>\n<li>Auseinandersetzung zum Thema Weihnachten, Stimmung, Konsum etc.<\/li>\n<\/ul>\n<p>&nbsp;<\/p>\n<h1>Vor\u00fcbungen<\/h1>\n<ul>\n<li>Punktperspektivische Bleistiftzeichnungen von Geb\u00e4uden und Strassen mit einem und zwei Fluchtpunkten<\/li>\n<li>Fotografieren von niedrigen Lichtsituationen z.B. von Kerzen und Figuren in dunkeln R\u00e4umen (im Sinne von G. De la Tour)<\/li>\n<li>Tonwertiges Abzeichnen der Fotografieren mit hellen Farbstiften auf schwarzem Papier<\/li>\n<\/ul>\n<p>&nbsp;<\/p>\n<table border=\"0\" style=\"width: 433px;\">\n<tbody>\n<tr>\n<td><a href=\"http:\/\/de.wikipedia.org\/w\/index.php?title=Datei:Georges_de_La_Tour_022.jpg&amp;filetimestamp=20050519190534\" target=\"_blank\" rel=\"noopener\"><img decoding=\"async\" src=\"http:\/\/upload.wikimedia.org\/wikipedia\/commons\/thumb\/8\/8d\/Georges_de_La_Tour_022.jpg\/220px-Georges_de_La_Tour_022.jpg\" alt=\" \" align=\"left\" border=\"0\" hspace=\"5\" vspace=\"5\" \/><\/a><\/td>\n<td><a href=\"http:\/\/de.wikipedia.org\/wiki\/Joseph_als_Zimmermann\" target=\"_blank\" rel=\"noopener\"><img decoding=\"async\" src=\"http:\/\/upload.wikimedia.org\/wikipedia\/commons\/thumb\/1\/12\/La_Tour.jpg\/170px-La_Tour.jpg\" alt=\" \" align=\"left\" border=\"0\" hspace=\"5\" vspace=\"5\" \/><\/a><\/td>\n<\/tr>\n<tr>\n<td valign=\"top\">\n<address>Georges de la Tour, Der Engel erscheint dem Hl. Josef im Traum, 1640.<\/address>\n<\/td>\n<td valign=\"top\">\n<address>Georges de la Tour, Hl. Josef als Zimmermann, 1642<\/address>\n<\/td>\n<\/tr>\n<\/tbody>\n<\/table>\n<p>&nbsp;<\/p>\n<h1>Auftrag<\/h1>\n<p>Entwickele eine phantastische Weihnachtsbeleuchtung f\u00fcr eine beliebige Grossstadtstrasse, welche die Leute verzaubern soll. Visualisiere deine Idee farbig mit Farbstift auf schwarzem Papier. Achte darauf, dass in deiner Visualisierung die Geb\u00e4ude lediglich durch die Weihnachtsbeleuchtung oder Lichtern aus R\u00e4umen, Einkaufsl\u00e4den oder Strassenbeleuchtung zur Erscheinung kommen (Tonwertzeichnung). F\u00fcr deine Visualisierung darfst du auf Fahrzeuge und Personen verzichten.<\/p>\n<p>Um die Strassen und Geb\u00e4ude zu konstruieren, sollst du als Unterzeichnung mit der Punktperspektive arbeiten (Freihand). Konstruiere die Unterzeichnung fein mit einem schwarzen Farbstift, damit sie in der Visualisierung nicht mehr sichtbar ist. Und Vorsicht: radieren auf schwarzem Papier ergibt Flecken. Gib deinem Beleuchtungskonzept zum Schluss einen Namen.<\/p>\n<p>&nbsp;<\/p>\n<h1>Kriterien<\/h1>\n<ul>\n<li>Korrekter punktperspektivischer Aufbau<\/li>\n<li>Plausible Licht- und Schattengestaltung<\/li>\n<li>Kreatives Beleuchtungskonzept und spannende Stadtdarstellung<\/li>\n<\/ul>\n<p>&nbsp;<\/p>","protected":false},"excerpt":{"rendered":"<p>Es scheint so, als ob sich Z\u00fcrich und Luzern mit der diesj\u00e4hrigen Weihnachtsbeleuchtung einen kleinen Wettstreit liefern. Das erinnert an den Wettstreit der toskanischen St\u00e4dte im Quatrocento. Nur, dass hier nicht mit Gem\u00e4lden und Bildhauerei konkurrenziert wird, sondern mit Weihnachtsbeleuchtungen, welche die konsumfreudigen Leute auf der Bahnhofstrasse und Hauptbr\u00fccke verzaubern sollen. Die Beleuchtungen heissen Lucy [&hellip;]<\/p>\n","protected":false},"author":1,"featured_media":4939,"comment_status":"open","ping_status":"open","sticky":false,"template":"","format":"standard","meta":{"_acf_changed":false,"footnotes":""},"categories":[15],"tags":[48,30,29,25],"class_list":["post-455","post","type-post","status-publish","format-standard","has-post-thumbnail","hentry","category-auftraege","tag-architektur","tag-bildnerische-mittel","tag-bildraum-perspektive","tag-zeichnung"],"acf":[],"_links":{"self":[{"href":"https:\/\/kunstunterricht.ch\/e\/wp-json\/wp\/v2\/posts\/455","targetHints":{"allow":["GET"]}}],"collection":[{"href":"https:\/\/kunstunterricht.ch\/e\/wp-json\/wp\/v2\/posts"}],"about":[{"href":"https:\/\/kunstunterricht.ch\/e\/wp-json\/wp\/v2\/types\/post"}],"author":[{"embeddable":true,"href":"https:\/\/kunstunterricht.ch\/e\/wp-json\/wp\/v2\/users\/1"}],"replies":[{"embeddable":true,"href":"https:\/\/kunstunterricht.ch\/e\/wp-json\/wp\/v2\/comments?post=455"}],"version-history":[{"count":2,"href":"https:\/\/kunstunterricht.ch\/e\/wp-json\/wp\/v2\/posts\/455\/revisions"}],"predecessor-version":[{"id":4940,"href":"https:\/\/kunstunterricht.ch\/e\/wp-json\/wp\/v2\/posts\/455\/revisions\/4940"}],"wp:featuredmedia":[{"embeddable":true,"href":"https:\/\/kunstunterricht.ch\/e\/wp-json\/wp\/v2\/media\/4939"}],"wp:attachment":[{"href":"https:\/\/kunstunterricht.ch\/e\/wp-json\/wp\/v2\/media?parent=455"}],"wp:term":[{"taxonomy":"category","embeddable":true,"href":"https:\/\/kunstunterricht.ch\/e\/wp-json\/wp\/v2\/categories?post=455"},{"taxonomy":"post_tag","embeddable":true,"href":"https:\/\/kunstunterricht.ch\/e\/wp-json\/wp\/v2\/tags?post=455"}],"curies":[{"name":"wp","href":"https:\/\/api.w.org\/{rel}","templated":true}]}}