{"id":444,"date":"2010-06-13T23:43:46","date_gmt":"2010-06-13T23:43:46","guid":{"rendered":"https:\/\/kunstunterricht.ch\/e\/2010\/06\/13\/vorschlag-fr-eine-innovative-berghtte\/"},"modified":"2026-02-08T22:23:36","modified_gmt":"2026-02-08T22:23:36","slug":"vorschlag-fr-eine-innovative-berghtte","status":"publish","type":"post","link":"https:\/\/kunstunterricht.ch\/e\/vorschlag-fr-eine-innovative-berghtte\/","title":{"rendered":"Vorschlag f\u00fcr eine innovative Bergh\u00fctte"},"content":{"rendered":"\n<p>Bergh\u00fctten haben sich in den letzten Jahren ver\u00e4ndert. Sie sind nicht nur Herbergen f\u00fcr Wanderer und Bergsteiger, sondern oft auch besondere Orte mit eigener Ausstrahlung. In diesem Auftrag gestaltest du die&nbsp;Aussenansicht&nbsp;einer Bergh\u00fctte in einer fiktiven alpinen Umgebung. Die H\u00fctte dient dabei als&nbsp;Bildmotiv, an dem du vor allem dein K\u00f6nnen in&nbsp;Perspektive, Raumdarstellung und malerischer Umsetzung&nbsp;zeigst. Gearbeitet wird mit Bleistift und Malfarbe auf Papier.<\/p>\n\n\n\n<!--more-->\n\n\n\n<h3 class=\"wp-block-heading\">Ziele\/ Kompetenzen<\/h3>\n\n\n\n<ul class=\"wp-block-list\">\n<li>Entwicklung von R\u00e4umen in sachlicher Raumdarstellung mit nachvollziehbarer, korrekten Konstruktion und Proportionen<\/li>\n\n\n\n<li>Visualisierung in wirklichkeitsnaher Raumdarstellung mit \u00fcberzeugender Tiefenwirkung durch \u00dcberschneidung, Gr\u00f6ssenabnahme, Licht etc.<\/li>\n\n\n\n<li>Malerische Umsetzung mit bewusstem Einsatz von Farbe, Duktus und Kontrasten zur Unterst\u00fctzung von Stimmung und Raum<\/li>\n<\/ul>\n\n\n\n<h3 class=\"wp-block-heading\">Vorkenntnisse \/ Vor\u00fcbungen<\/h3>\n\n\n\n<ul class=\"wp-block-list\">\n<li><a href=\"index.php?option=com_content&amp;task=view&amp;id=114&amp;Itemid=73\">Fluchtpunktperspektive<\/a>, <a href=\"index.php?option=com_content&amp;task=view&amp;id=100&amp;Itemid=73\">perspektivische Merkmale<\/a>, evtl. <a href=\"https:\/\/kunstunterricht.ch\/e\/parallelperspektive-kurz-und-knapp\/\" data-type=\"post\" data-id=\"219\">Paralellprojektion<\/a><\/li>\n\n\n\n<li><a href=\"https:\/\/kunstunterricht.ch\/e\/modul-wirklichkeitsnahe-und-sachlich-wirkende-darstellungsverfahren\/#berglandschaft\">Darstellung von Berglandschaften<\/a> (Anordnung am Horizont etc.)<\/li>\n\n\n\n<li>Experimentelles Zeichnen von Architekturen mit <a href=\"https:\/\/kunstunterricht.ch\/e\/modul-wirklichkeitsnahe-und-sachlich-wirkende-darstellungsverfahren\/#volumen\">Volumen<\/a> durch (additives) Zusammenstellen oder (subtraktives) Herausschneiden<\/li>\n\n\n\n<li>Alte und neue Bergh\u00fctten als Inspirationsquellen (z.B. <a href=\"https:\/\/ethz.ch\/de\/news-und-veranstaltungen\/medien\/hintergrundinformationen\/neue-monte-rosa-huette.html\">Monte Rosa-H\u00fctte<\/a> und Bildsammlung von weiteren <a href=\"http:\/\/commons.wikimedia.org\/wiki\/Category:Alpine_huts_of_Switzerland\" target=\"_blank\" rel=\"noopener\">Schweizer Bergh\u00fctten<\/a>)<\/li>\n<\/ul>\n\n\n\n<div class=\"wp-block-columns is-layout-flex wp-container-core-columns-is-layout-28f84493 wp-block-columns-is-layout-flex\">\n<div class=\"wp-block-column is-layout-flow wp-block-column-is-layout-flow\">\n<figure class=\"wp-block-image\"><a href=\"http:\/\/commons.wikimedia.org\/wiki\/File:Bertol.jpg\" target=\"_blank\" rel=\"noreferrer noopener\"><img decoding=\"async\" src=\"http:\/\/upload.wikimedia.org\/wikipedia\/commons\/thumb\/2\/25\/Bertol.jpg\/800px-Bertol.jpg\" alt=\" \"\/><\/a><figcaption class=\"wp-element-caption\">&nbsp;Cabane de Bertol (<a href=\"https:\/\/commons.wikimedia.org\/wiki\/File:Bertol.jpg\">cc via wm<\/a>)<\/figcaption><\/figure>\n<\/div>\n\n\n\n<div class=\"wp-block-column is-layout-flow wp-block-column-is-layout-flow\">\n<figure class=\"wp-block-image\"><a href=\"http:\/\/commons.wikimedia.org\/wiki\/File:Neue_Monte_Rosa_Huette2.JPG\" target=\"_blank\" rel=\"noreferrer noopener\"><img decoding=\"async\" src=\"http:\/\/upload.wikimedia.org\/wikipedia\/commons\/thumb\/f\/f1\/Neue_Monte_Rosa_Huette2.JPG\/800px-Neue_Monte_Rosa_Huette2.JPG\" alt=\" \"\/><\/a><figcaption class=\"wp-element-caption\">Neue Monte Rosa-H\u00fctte (<a href=\"https:\/\/commons.wikimedia.org\/wiki\/File:Neue_Monte_Rosa_Huette2.JPG\">cc via wm<\/a>)<\/figcaption><\/figure>\n<\/div>\n<\/div>\n\n\n\n<h3 class=\"wp-block-heading\">Auftrag<\/h3>\n\n\n\n<p>Entwickle und visualisiere eine Bergh\u00fctte in einer fiktiven hochalpinen Landschaft. Du stellst die Situation aus&nbsp;zwei Blickwinkeln&nbsp;dar:<\/p>\n\n\n\n<ul class=\"wp-block-list\">\n<li>einmal aus der&nbsp;<strong>Vogelperspektive<\/strong><\/li>\n\n\n\n<li>einmal aus der&nbsp;<strong>Froschperspektive<\/strong><\/li>\n<\/ul>\n\n\n\n<p>Eine der beiden Darstellungen wird deutlich kleiner und als&nbsp;Bild-in-Bild&nbsp;in die gr\u00f6ssere integriert. Tageszeit, Wetter, Lichtstimmung, Jahreszeit und m\u00f6gliche Bildelemente kannst du frei w\u00e4hlen, um eine&nbsp;m\u00f6glichst \u00fcberzeugende r\u00e4umliche Wirkung&nbsp;zu erreichen. Beginne mit einer Unterzeichnung in Bleistift und arbeite danach mit Malfarbe weiter.<\/p>\n\n\n\n<p>Je nach Auftragsvergabe wird eine zus\u00e4tzliche Vor-Skizze verlangt, die die Konstruktion der H\u00fctte in einem gut erfassbaren, dreidimensional wirkenden Schr\u00e4griss als Hauptzeichnung sowie in einer etwas kleineren Dreitafelprojektion auf derselben Seite zeigt.<\/p>\n\n\n\n<p>Wichtig: Der Schwerpunkt dieses Auftrags liegt nicht auf dem Motiv, sondern auf dem sicheren Einsatz r\u00e4umlicher Darstellungssysteme; architektonische Aspekte werden am Rande mitgedacht.<\/p>\n\n\n\n<h3 class=\"wp-block-heading\">Kriterien<\/h3>\n\n\n\n<ul class=\"wp-block-list\">\n<li>Dem Auftrag entsprechende, anspruchsvolle und korrekte Fluchtpunktperspektive mit stimmigen Formen und Proportionen<\/li>\n\n\n\n<li>Gelungener Einsatz der perspektivischen Merkmale mit hoher Raumtiefe sowie sicherer Umgang mit Farbe, Mischung, Malkonsistenz, Duktus etc.<\/li>\n\n\n\n<li>Je nach Auftragsvergabe Vor-Skizze mit \u00fcberzeugender Architektur in korrekter Darstellung und sicherer Strichf\u00fchrung<\/li>\n\n\n\n<li>Bonus\/Malus Gesamteindruck (Einhaltung der Vorgaben, Unvorhergesehenes, spannende, innovative Architektur in eine spektakul\u00e4re Landschaft integriert, Stimmung, Bildgeschichte etc.)<\/li>\n<\/ul>\n\n\n\n<h3 class=\"wp-block-heading\">Material<\/h3>\n\n\n\n<ul class=\"wp-block-list\">\n<li>Je nach Auftragsvergabe Vor-Skizze: in Freihand mit Bleistift auf ca. A4  <\/li>\n\n\n\n<li>Hauptbild: Unterzeichnung mit Bleistift und Ausf\u00fchrung mit Gouachemalfarbe (lasierend bis deckend) auf ca. A3 Malpapier<\/li>\n<\/ul>\n\n\n\n<p>&nbsp;<\/p>\n","protected":false},"excerpt":{"rendered":"<p>Bergh\u00fctten haben sich in den letzten Jahren ver\u00e4ndert. Sie sind nicht nur Herbergen f\u00fcr Wanderer und Bergsteiger, sondern oft auch besondere Orte mit eigener Ausstrahlung. In diesem Auftrag gestaltest du die&nbsp;Aussenansicht&nbsp;einer Bergh\u00fctte in einer fiktiven alpinen Umgebung. Die H\u00fctte dient dabei als&nbsp;Bildmotiv, an dem du vor allem dein K\u00f6nnen in&nbsp;Perspektive, Raumdarstellung und malerischer Umsetzung&nbsp;zeigst. Gearbeitet [&hellip;]<\/p>\n","protected":false},"author":1,"featured_media":0,"comment_status":"open","ping_status":"open","sticky":false,"template":"","format":"standard","meta":{"_acf_changed":false,"footnotes":""},"categories":[15],"tags":[48,30,29,22,47,37,27],"class_list":["post-444","post","type-post","status-publish","format-standard","hentry","category-auftraege","tag-architektur","tag-bildnerische-mittel","tag-bildraum-perspektive","tag-farbe","tag-kreativitaet-phantasie","tag-landschaft","tag-malerei"],"acf":[],"_links":{"self":[{"href":"https:\/\/kunstunterricht.ch\/e\/wp-json\/wp\/v2\/posts\/444","targetHints":{"allow":["GET"]}}],"collection":[{"href":"https:\/\/kunstunterricht.ch\/e\/wp-json\/wp\/v2\/posts"}],"about":[{"href":"https:\/\/kunstunterricht.ch\/e\/wp-json\/wp\/v2\/types\/post"}],"author":[{"embeddable":true,"href":"https:\/\/kunstunterricht.ch\/e\/wp-json\/wp\/v2\/users\/1"}],"replies":[{"embeddable":true,"href":"https:\/\/kunstunterricht.ch\/e\/wp-json\/wp\/v2\/comments?post=444"}],"version-history":[{"count":10,"href":"https:\/\/kunstunterricht.ch\/e\/wp-json\/wp\/v2\/posts\/444\/revisions"}],"predecessor-version":[{"id":11149,"href":"https:\/\/kunstunterricht.ch\/e\/wp-json\/wp\/v2\/posts\/444\/revisions\/11149"}],"wp:attachment":[{"href":"https:\/\/kunstunterricht.ch\/e\/wp-json\/wp\/v2\/media?parent=444"}],"wp:term":[{"taxonomy":"category","embeddable":true,"href":"https:\/\/kunstunterricht.ch\/e\/wp-json\/wp\/v2\/categories?post=444"},{"taxonomy":"post_tag","embeddable":true,"href":"https:\/\/kunstunterricht.ch\/e\/wp-json\/wp\/v2\/tags?post=444"}],"curies":[{"name":"wp","href":"https:\/\/api.w.org\/{rel}","templated":true}]}}