{"id":232,"date":"2007-11-21T21:55:57","date_gmt":"2007-11-21T21:55:57","guid":{"rendered":"https:\/\/kunstunterricht.ch\/e\/2007\/11\/21\/logowettbewerb-fr-eine-behindertenwerksttte\/"},"modified":"2023-03-02T21:27:24","modified_gmt":"2023-03-02T21:27:24","slug":"logowettbewerb-fr-eine-behindertenwerksttte","status":"publish","type":"post","link":"https:\/\/kunstunterricht.ch\/e\/logowettbewerb-fr-eine-behindertenwerksttte\/","title":{"rendered":"Logowettbewerb f\u00fcr eine Behindertenwerkst\u00e4tte"},"content":{"rendered":"<h1>Voraussetzung<\/h1>\n<ul>\n<li>Auseinandersetzung zum Thema visuelle Kommunikation und Logo (Definition und Beispiele von Logos, <a href=\"index.php?option=com_content&amp;view=article&amp;id=40;logodesign&amp;catid=35;alle-leitfden&amp;Itemid=62\">Leitfaden zur Entwicklung eines Logos<\/a>)<\/li>\n<li>Typografische Grundkenntnisse<\/li>\n<li><a href=\"index.php?option=com_content&amp;view=article&amp;id=113;vektorgrafikprogramm-am-bsp-illustrator&amp;catid=35;alle-leitfden&amp;Itemid=62\">Handhabung eines Vektorprogrammes<\/a> (z.B. Illustrator oder Freeware <a href=\"http:\/\/de.wikipedia.org\/wiki\/Inkscape\" target=\"_blank\" rel=\"noopener\">Inkscape<\/a>)<\/li>\n<\/ul>\n<h1>Ausgangslage<\/h1>\n<p>Die regionale Behindertenwerkstatt &#8222;Ergo&#8220; besitzt im Handelsregister zu Ihrem Zweck folgenden Eintrag:<\/p>\n<ul>\n<li>Ausbildung, Besch\u00e4ftigung und Betreuung von erwachsenen Menschen mit einer k\u00f6rperlichen oder\/und geistigen Behinderung<\/li>\n<li>Betrieb von einer gesch\u00fctzten Werkstatt zur Teil- oder Dauerbesch\u00e4ftigung von Behinderten<\/li>\n<li>Verkauf und Vertrieb der Werkstattprodukte<\/li>\n<\/ul>\n<p>Der Unternehmensnamen &#8222;Ergo&#8220; bezieht sich auf den griechischen Wortstamm erg(o) und steht f\u00fcr Arbeit, Werk (<span class=\"polytonic\" style=\"font-family: 'Arial Unicode MS','Palatino Linotype',Code2000,'New Athena Unicode',Gentium,'Athena Unicode';\">\u1f14\u03c1\u03b3\u03bf\u03bd)<\/span>. Ausserdem verweist der Begriff auf die lateinische Redewendung &#8222;cogito, ergo sum&#8220; (ich denke, also bin ich), die aus dem Schluss einer philosophischen Abhandlung von Descartes zur Erkenntnisf\u00e4higkeit in einer franz\u00f6sischen \u00dcbersetzung abgeleitet wurde.<\/p>\n<h1>Auftrag&nbsp;<\/h1>\n<p>Die Werkstatt hat nun einen Wettbewerb ausgeschrieben, in dem ein Logo f\u00fcr das Unternehmen entwickelt werden soll. Ihr eigenes Grafikatelier soll sich mit einem Vorschlag am Wettbewerb beteiligen. Falls Sie den Wettbewerb gewinnen, w\u00fcrde dieser Entwurf ausgearbeitet und umgesetzt werden.<\/p>\n<p>Nach einem Briefing von Ihnen und weiteren Wettbewerbsteilnehmern mit dem Auftraggeber ist Folgendes herausgekommen:<\/p>\n<ul>\n<li>Die geplanten Einsatzmedien des Logos sind Informationsbrosch\u00fcren (CMYK-Offset), Faxpapier (Graustufen) sowie grosse Banner f\u00fcr den Marktstand der Werkstatt.<\/li>\n<li>Mit dem Signet soll ein breites Zielpublikum angesprochen werden (Markt- und Werkstatt-Kunden, F\u00f6rderer und Partner, Behinderte und deren Angeh\u00f6rige).<\/li>\n<li>Der Auftraggeber w\u00fcnscht ein Bildzeichen in Kombination mit dem Unternehmensnamen (Bildtextlogo).<\/li>\n<li>Ansonsten werden seinerseits keine Einschr\u00e4nkungen gemacht. Das Unternehmen besitzt zudem kein vorgegebenes Corporate Design.<\/li>\n<\/ul>\n<p>Hilfsskizzen auf Papier sind zur Entwicklung des Logos sinnvoll. Allerdings soll das Logo mit einem Vektorprogramm auf dem Computer umgesetzt werden. Sie k\u00f6nnen in dieser Arbeitsphase zur Veranschaulichung Zwischenresultate ausdrucken. Ihr Endresultat ist ein A4-Ausdruck in Farbe. Das Logo nimmt ca. die H\u00e4lfte des Formates ein. In der anderen H\u00e4lfte des A4 Formates schreiben Sie in etwa drei S\u00e4tzen Ihr Konzept, das hinter dem Logo steht.<\/p>\n<h1>Kriterien<\/h1>\n<ul>\n<li>&#8222;Logotauglichkeit&#8220; (siehe <a href=\"index.php?option=com_content&amp;view=article&amp;id=40;logodesign&amp;catid=35;alle-leitfden&amp;Itemid=62\">Kriterien zum Logodesign<\/a>)<\/li>\n<li>ad\u00e4quate Repr\u00e4sentation des Unternehmens und der Leistungen\/Produkte<\/li>\n<li>Originalit\u00e4t in der Umsetzung des Auftrages<\/li>\n<li>schriftliches Konzept und visuelles Erzeugnis korrespondieren<\/li>\n<li>Gesamteindruck<\/li>\n<\/ul>\n<p>&nbsp;<\/p>\n<p>&nbsp;<\/p>\n","protected":false},"excerpt":{"rendered":"<p>Dieser Auftrag findet im Bereich visuelle Kommunikation und Grafikdesign statt. Er wurde von einer durchgef\u00fchrten Maturapr\u00fcfung im Schwerpunktfach Bildnerisches Gestalten der <a href=\"http:\/\/www.ems-schiers.ch\" target=\"_blank\" rel=\"noopener\">EMS <\/a> abgeleitet. (5SF)<\/p>\n","protected":false},"author":1,"featured_media":0,"comment_status":"open","ping_status":"open","sticky":false,"template":"","format":"standard","meta":{"_acf_changed":false,"footnotes":""},"categories":[15],"tags":[34,35,33],"class_list":["post-232","post","type-post","status-publish","format-standard","hentry","category-auftraege","tag-grafikdesign-visuelle-kommunikation","tag-kommunikation","tag-neue-medien"],"acf":[],"_links":{"self":[{"href":"https:\/\/kunstunterricht.ch\/e\/wp-json\/wp\/v2\/posts\/232","targetHints":{"allow":["GET"]}}],"collection":[{"href":"https:\/\/kunstunterricht.ch\/e\/wp-json\/wp\/v2\/posts"}],"about":[{"href":"https:\/\/kunstunterricht.ch\/e\/wp-json\/wp\/v2\/types\/post"}],"author":[{"embeddable":true,"href":"https:\/\/kunstunterricht.ch\/e\/wp-json\/wp\/v2\/users\/1"}],"replies":[{"embeddable":true,"href":"https:\/\/kunstunterricht.ch\/e\/wp-json\/wp\/v2\/comments?post=232"}],"version-history":[{"count":1,"href":"https:\/\/kunstunterricht.ch\/e\/wp-json\/wp\/v2\/posts\/232\/revisions"}],"predecessor-version":[{"id":1567,"href":"https:\/\/kunstunterricht.ch\/e\/wp-json\/wp\/v2\/posts\/232\/revisions\/1567"}],"wp:attachment":[{"href":"https:\/\/kunstunterricht.ch\/e\/wp-json\/wp\/v2\/media?parent=232"}],"wp:term":[{"taxonomy":"category","embeddable":true,"href":"https:\/\/kunstunterricht.ch\/e\/wp-json\/wp\/v2\/categories?post=232"},{"taxonomy":"post_tag","embeddable":true,"href":"https:\/\/kunstunterricht.ch\/e\/wp-json\/wp\/v2\/tags?post=232"}],"curies":[{"name":"wp","href":"https:\/\/api.w.org\/{rel}","templated":true}]}}