{"id":219,"date":"2007-11-10T17:00:16","date_gmt":"2007-11-10T17:00:16","guid":{"rendered":"https:\/\/kunstunterricht.ch\/e\/2007\/11\/10\/parallelperspektive-kurz-und-knapp\/"},"modified":"2025-05-05T20:15:15","modified_gmt":"2025-05-05T20:15:15","slug":"parallelperspektive-kurz-und-knapp","status":"publish","type":"post","link":"https:\/\/kunstunterricht.ch\/e\/parallelperspektive-kurz-und-knapp\/","title":{"rendered":"Parallelprojektion kurz und knapp"},"content":{"rendered":"\n<p>Die Parallelprojektion (Axonometrie, umgangssprachlich auch Parallelperspektive) erlaubt eine einfache und \u00fcbersichtliche Darstellung des dreidimensionalen Raumes in einer Bildfl\u00e4che. Im Gegensatz zur <a href=\"index.php?option=com_content&amp;view=article&amp;id=114;punktperspektive-kurz-und-knapp&amp;catid=40;alle-grundlagen&amp;Itemid=73\">Fluchtpunktperspektive<\/a> wirkt sie weniger wirklichkeitsnahe aber sachlicher. Sie eignet sich zur Entwicklung, Planung und sachlichen Vermittlung von Architekturen, M\u00f6bel, Fahrzeugen und anderen Produkten. Im Folgenden wird eine knappe Zusammenstellung weniger Typen gemacht. F\u00fcr Ausf\u00fchrungen siehe <a href=\"index.php?option=com_content&amp;view=article&amp;id=98;parallelperspektive-im-detail&amp;catid=40;alle-grundlagen&amp;Itemid=73\">Parallelprojektion im Detail<\/a>.<\/p>\n\n\n\n<!--more-->\n\n\n<h1>Allgemein<\/h1>\n<table border=\"0\">\n<tbody>\n<tr>\n<td style=\"width: 230px;\" valign=\"top\">\n<p>Mit der Parallelprojektion l\u00e4sst sich der (geometrische) Raum in zwei Dimensionen \u00fcbersichtlich darstellen. Anhand eines W\u00fcrfels kann dies gut erkl\u00e4rt werden:<\/p>\n<ol>\n<li>Die Parallelen des W\u00fcrfels bleiben auf der Zeichenfl\u00e4che parallel.<\/li>\n<li>Egal ob der W\u00fcrfel nahe oder fern ist; Die Kanten einer bestimmten Richtung sind immer gleich lang.<\/li>\n<\/ol>\n<\/td>\n<td valign=\"top\">\n<ul>\n<li>Im Raum an sich: Ein W\u00fcrfel ist ein K\u00f6rper aus 3 X 4 Parralellengruppen, die 6 gleich grossen Quadrate bilden<\/li>\n<\/ul>\n<p><img loading=\"lazy\" decoding=\"async\" class=\" alignleft size-full wp-image-211\" style=\"float: left;\" title=\"koordinatenquader_ku-ts\" src=\"https:\/\/kunstunterricht.ch\/e\/wp-content\/uploads\/2007\/11\/thumb_koordinatenquader_ku-ts.gif\" alt=\"koordinatenquader_ku-ts\" width=\"150\" height=\"131\" border=\"0\" hspace=\"5\" vspace=\"5\" \/><\/p>\n<\/td>\n<td valign=\"top\">\n<ul>\n<li>Im Bildraum: In der Zeichnung bleiben die Parallelengruppen parallel und die W\u00fcrfelkanten einer jeweiligen Richtung gleich lang (s<sub>1<\/sub> = s<sub>2<\/sub> oder t<sub>1<\/sub> = t<sub>2<\/sub>)<\/li>\n<\/ul>\n<p><img loading=\"lazy\" decoding=\"async\" class=\" alignleft size-full wp-image-210\" style=\"float: left;\" title=\"parallel-konstanteverkuerzung_ku-ts\" src=\"https:\/\/kunstunterricht.ch\/e\/wp-content\/uploads\/2007\/11\/thumb_parallel-konstanteverkuerzung_ku-ts.gif\" alt=\"parallel-konstanteverkuerzung_ku-ts\" width=\"150\" height=\"98\" border=\"0\" hspace=\"5\" vspace=\"5\" \/><\/p>\n<\/td>\n<\/tr>\n<\/tbody>\n<\/table>\n<h1>Dreitafelprojektion\u00a0<\/h1>\n<table border=\"0\">\n<tbody>\n<tr>\n<td style=\"width: 230px;\" valign=\"top\">\n<p>In der Dreitafelprojektion schaut man den W\u00fcrfel von drei Seiten an (Risse). Die Achsen (Punktstrichlinien) stellen den Wechsel der Blickrichtung dar. Die jeweiligen Quadrate werden dabei nicht verzerrt. Allerdings wirkt der W\u00fcrfel nicht r\u00e4umlich. Nebenstehend ist ein Vorschlag zur Anordnung der Risse, die mit den Messlinien aufeinander abgestimmt sind:<\/p>\n<\/td>\n<td style=\"width: 160px;\">\n<p><img loading=\"lazy\" decoding=\"async\" class=\" alignleft size-full wp-image-212\" style=\"float: left;\" title=\"tafelprojektion_ku-ts\" src=\"https:\/\/kunstunterricht.ch\/e\/wp-content\/uploads\/2007\/11\/thumb_tafelprojektion_ku-ts.gif\" alt=\"tafelprojektion_ku-ts\" width=\"149\" height=\"150\" border=\"0\" hspace=\"5\" vspace=\"5\" \/><\/p>\n<\/td>\n<td valign=\"top\">In der Dreitafelprojektion stehen die drei Hauptprojektionen in Relation zueinander:\n<ol>\n<li>Grundriss (C)<\/li>\n<li>Aufriss (A)<\/li>\n<li>Seitenriss (B)<\/li>\n<\/ol>\n<p>In einer Varianten der Dreitafelprojektion k\u00f6nnte auch der Seitenriss (3.) im vierten Quadranten (unten rechts) um 90 Grad gedreht &#8222;gerade&#8220; stehen. Auch andere Varianten oder die Einbindung schr\u00e4ger Schnitte sind m\u00f6glich. Es ist lediglich darauf zu achten, dass die Umklappungen mit den Achsen logisch gezeichnet sind. So k\u00f6nnen die (feinen) Messlinien genutzt werden.<\/p>\n<\/td>\n<\/tr>\n<\/tbody>\n<\/table>\n<h1>Milit\u00e4r- und Kabinettprojektion<\/h1>\n<table border=\"0\">\n<tbody>\n<tr>\n<td style=\"width: 230px;\" valign=\"top\">\n<p>Diese beide Darstellungen erm\u00f6glichen eine gute Raumvorstellung. In der Milit\u00e4rprojektion (Grundriss-Schr\u00e4gbild) wird die Grundfl\u00e4che und in der Kabinettprojektion (Aufriss-Schr\u00e4gbild) die Frontfl\u00e4che nicht verzerrt, was eine zeichnerische Handhabung vereinfacht. Allerdings wirken diese Darstellungen etwas k\u00fcnstlich.<\/p>\n<\/td>\n<td valign=\"top\">\n<ul>\n<li>Milit\u00e4rprojektion (Grundriss-Schr\u00e4gbild = Ansicht von oben), Winkel Gamma = 45\u00b0 oder 30\u00b0, hier dimetrisch (sonst in der Regel isometrisch), z.B. zur Darstellung von Stadtpl\u00e4nen<\/li>\n<\/ul>\n<address><img loading=\"lazy\" decoding=\"async\" class=\" alignleft size-full wp-image-217\" style=\"float: left;\" title=\"militaer_ku-ts\" src=\"https:\/\/kunstunterricht.ch\/e\/wp-content\/uploads\/2007\/11\/thumb_militaer_ku-ts.gif\" alt=\"militaer_ku-ts\" width=\"150\" height=\"97\" border=\"0\" hspace=\"5\" vspace=\"5\" \/><\/address><\/td>\n<td style=\"text-align: left;\" valign=\"top\">\n<ul>\n<li>Kabinettprojektion (Aufriss-Schr\u00e4gbild = Ansicht von vorne), Winkel Beta = 45\u00b0 oder 30\u00b0, in der Regel dimetrisch (hingegen w\u00e4re die Kavallierprojektion isometrisch), z.B. zur Darstellung von Fassaden<\/li>\n<\/ul>\n<p><img loading=\"lazy\" decoding=\"async\" class=\" alignleft size-full wp-image-216\" style=\"float: left;\" title=\"kabinett_ku-ts\" src=\"https:\/\/kunstunterricht.ch\/e\/wp-content\/uploads\/2007\/11\/thumb_kabinett_ku-ts.gif\" alt=\"kabinett_ku-ts\" width=\"150\" height=\"96\" border=\"0\" hspace=\"5\" vspace=\"5\" \/><\/p>\n<\/td>\n<\/tr>\n<\/tbody>\n<\/table>\n<h1>Weitere Axonometrien<\/h1>\n<table border=\"0\">\n<tbody>\n<tr>\n<td style=\"width: 230px;\" valign=\"top\">\n<p>Weiter gibt es in der Axonometrie Darstellungen, welche die Raumwirkung nat\u00fcrlicher erscheinen lassen. Die Winkel und Verk\u00fcrzungen entsprechen gegebenen Standards, die mathematisch begr\u00fcndet sind. Axonometrien mit keinen Verk\u00fcrzungen der drei Richtungen nennt man isometrisch, mit zwei gleichen dimetrisch, mit drei verschiedenen trimetrisch: z.B. Standard-Isometrie oder Trimetrie. Hier werden im Gegensatz zu den obigen Schr\u00e4grissen die Quadratfl\u00e4chen verzerrt, was die Handhabung etwas erschwert.<\/p>\n<\/td>\n<td valign=\"top\">\n<ul>\n<li>Standard-Isometrie (30\u00b0\/30\u00b0 und 1:1:1), einfaches Handling mit einem <a href=\"index.php?option=com_content&amp;view=article&amp;id=96;schablonen-fr-parallel-und-punktperspektive&amp;catid=35&amp;Itemid=62\">Schablone<\/a>, allerdings entstehen oft ung\u00fcnstige \u00dcberschneidungen<\/li>\n<\/ul>\n<p><img loading=\"lazy\" decoding=\"async\" class=\" alignleft size-full wp-image-213\" style=\"float: left;\" title=\"isometrie_ku-ts\" src=\"https:\/\/kunstunterricht.ch\/e\/wp-content\/uploads\/2007\/11\/thumb_isometrie_ku-ts.gif\" alt=\"isometrie_ku-ts\" width=\"131\" height=\"105\" border=\"0\" hspace=\"5\" vspace=\"5\" \/>\u00a0<\/p>\n<\/td>\n<td valign=\"top\">\n<ul>\n<li>Trimetrie (5\u00b0\/18\u00b0 und 0.9:0.5:1), wirkt noch nat\u00fcrlicher, das zeichnerische Handling ist allerdings etwas schwieriger<\/li>\n<\/ul>\n<p><img loading=\"lazy\" decoding=\"async\" class=\" alignleft size-full wp-image-215\" style=\"float: left;\" title=\"trimetrie_ku-ts\" src=\"https:\/\/kunstunterricht.ch\/e\/wp-content\/uploads\/2007\/11\/thumb_trimetrie_ku-ts.gif\" alt=\"trimetrie_ku-ts\" width=\"166\" height=\"84\" border=\"0\" hspace=\"5\" vspace=\"5\" \/><\/p>\n<\/td>\n<\/tr>\n<\/tbody>\n<\/table>\n<h1>Freie Parallelprojektion<\/h1>\n<table border=\"0\">\n<tbody>\n<tr>\n<td style=\"width: 380px;\" valign=\"top\">Die freie Parallelprojektion mit angewinkeltem Schragriss kann der Di- oder Trimetrie \u00e4hneln, wobei die Winkel und Seitenverh\u00e4ltnisse nicht mathematisch vorgegeben sind und den Bed\u00fcrfnissen entsprechend frei gew\u00e4hlt werden. Somit kann das Objekt ideal erfasst werden, je nach dem, ob mehr Aufsicht Ansicht oder Seitensicht erw\u00fcsncht ist. Insbesondere in der Freihandzeichnung l\u00e4sst sich hier frei und z\u00fcgig Arbeiten. Diese Perspektive eignet sich etwa zur Entwicklung von Ideen f\u00fcr M\u00f6bel, Architekturen, Einrichtugnen etc. F\u00fcr die weiterf\u00fchrende technische Umsetzung z.B. eines realen Bauvorhabens m\u00fcsste wohl nach der Ideenfindung eine genormte Axonometrie benutzt werden, wobei dies heute vorwiegend mit CAD-Programmen am Computer passiert.<\/td>\n<td style=\"width: 20px;\" valign=\"top\">\u00a0<\/td>\n<td valign=\"top\">\n<p>\u00a0<a href=\"index2.php?option=com_jce&amp;task=popup\" target=\"PopupImage\" rel=\"noopener\"><img loading=\"lazy\" decoding=\"async\" class=\" alignleft size-full wp-image-214\" style=\"float: left;\" title=\"dimetrie_ku-ts\" src=\"https:\/\/kunstunterricht.ch\/e\/wp-content\/uploads\/2007\/11\/thumb_dimetrie_ku-ts.gif\" alt=\"dimetrie_ku-ts\" width=\"150\" height=\"90\" border=\"0\" hspace=\"5\" vspace=\"5\" \/><\/a><\/p>\n<p>Etwas mehr Aufsicht<\/p>\n<\/td>\n<td valign=\"top\">\n<p><a href=\"index2.php?option=com_jce&amp;task=popup\" target=\"PopupImage\" rel=\"noopener\"><img loading=\"lazy\" decoding=\"async\" class=\" alignleft size-full wp-image-215\" style=\"float: left;\" title=\"trimetrie_ku-ts\" src=\"https:\/\/kunstunterricht.ch\/e\/wp-content\/uploads\/2007\/11\/thumb_trimetrie_ku-ts.gif\" alt=\"trimetrie_ku-ts\" width=\"150\" height=\"77\" border=\"0\" hspace=\"5\" vspace=\"5\" \/><\/a><\/p>\n<p>Etwas mehr Ansicht<\/p>\n<\/td>\n<\/tr>\n<\/tbody>\n<\/table>","protected":false},"excerpt":{"rendered":"<p>Die Parallelprojektion (Axonometrie, umgangssprachlich auch Parallelperspektive) erlaubt eine einfache und \u00fcbersichtliche Darstellung des dreidimensionalen Raumes in einer Bildfl\u00e4che. Im Gegensatz zur Fluchtpunktperspektive wirkt sie weniger wirklichkeitsnahe aber sachlicher. Sie eignet sich zur Entwicklung, Planung und sachlichen Vermittlung von Architekturen, M\u00f6bel, Fahrzeugen und anderen Produkten. Im Folgenden wird eine knappe Zusammenstellung weniger Typen gemacht. F\u00fcr Ausf\u00fchrungen [&hellip;]<\/p>\n","protected":false},"author":1,"featured_media":211,"comment_status":"open","ping_status":"open","sticky":false,"template":"","format":"standard","meta":{"_acf_changed":false,"footnotes":""},"categories":[84],"tags":[29,73],"class_list":["post-219","post","type-post","status-publish","format-standard","has-post-thumbnail","hentry","category-theorie","tag-bildraum-perspektive","tag-quicklinks"],"acf":[],"_links":{"self":[{"href":"https:\/\/kunstunterricht.ch\/e\/wp-json\/wp\/v2\/posts\/219","targetHints":{"allow":["GET"]}}],"collection":[{"href":"https:\/\/kunstunterricht.ch\/e\/wp-json\/wp\/v2\/posts"}],"about":[{"href":"https:\/\/kunstunterricht.ch\/e\/wp-json\/wp\/v2\/types\/post"}],"author":[{"embeddable":true,"href":"https:\/\/kunstunterricht.ch\/e\/wp-json\/wp\/v2\/users\/1"}],"replies":[{"embeddable":true,"href":"https:\/\/kunstunterricht.ch\/e\/wp-json\/wp\/v2\/comments?post=219"}],"version-history":[{"count":4,"href":"https:\/\/kunstunterricht.ch\/e\/wp-json\/wp\/v2\/posts\/219\/revisions"}],"predecessor-version":[{"id":10060,"href":"https:\/\/kunstunterricht.ch\/e\/wp-json\/wp\/v2\/posts\/219\/revisions\/10060"}],"wp:featuredmedia":[{"embeddable":true,"href":"https:\/\/kunstunterricht.ch\/e\/wp-json\/wp\/v2\/media\/211"}],"wp:attachment":[{"href":"https:\/\/kunstunterricht.ch\/e\/wp-json\/wp\/v2\/media?parent=219"}],"wp:term":[{"taxonomy":"category","embeddable":true,"href":"https:\/\/kunstunterricht.ch\/e\/wp-json\/wp\/v2\/categories?post=219"},{"taxonomy":"post_tag","embeddable":true,"href":"https:\/\/kunstunterricht.ch\/e\/wp-json\/wp\/v2\/tags?post=219"}],"curies":[{"name":"wp","href":"https:\/\/api.w.org\/{rel}","templated":true}]}}