{"id":19,"date":"2006-11-28T10:13:06","date_gmt":"2006-11-28T10:13:06","guid":{"rendered":"https:\/\/kunstunterricht.ch\/e\/2006\/11\/28\/meine-stadt\/"},"modified":"2025-11-12T19:21:34","modified_gmt":"2025-11-12T19:21:34","slug":"meine-stadt","status":"publish","type":"post","link":"https:\/\/kunstunterricht.ch\/e\/meine-stadt\/","title":{"rendered":"Meine Stadt"},"content":{"rendered":"\n<p>Malerische Darstellung einer Stadt mit Fluchtpunktperspektive, Lokalfarben, Farbperspektive etc.<\/p>\n\n\n\n<!--more-->\n\n\n\n<h3 class=\"wp-block-heading\">Ziele\/ Kompetenzen<\/h3>\n\n\n\n<ul class=\"wp-block-list\">\n<li>Handhabung der Fluchtpunkt- und Farbperspektive<\/li>\n\n\n\n<li>Auseinandersetzung zum Thema Stadt<\/li>\n<\/ul>\n\n\n\n<figure class=\"wp-block-image size-full is-resized\"><img loading=\"lazy\" decoding=\"async\" width=\"150\" height=\"107\" src=\"https:\/\/kunstunterricht.ch\/e\/wp-content\/uploads\/2006\/11\/thumb_einfluchtpunktstadt_ku_ts.jpg\" alt=\"einfluchtpunktstadt_ku_ts\" class=\"wp-image-18\" style=\"width:350px;height:auto\"\/><figcaption class=\"wp-element-caption\">Abbildung: Skizze einer Stadtansicht mit einem Fluchtpunkt in linearer Ausf\u00fchrung aus dem Unterricht<\/figcaption><\/figure>\n\n\n\n<h3 class=\"wp-block-heading\">Vorbereitung\/ Vorkenntnisse<\/h3>\n\n\n\n<ul class=\"wp-block-list\">\n<li>Theorie und Vor\u00fcbungen zu Fluchtpunktperspektive, Licht-Schatten, &#8230;<\/li>\n\n\n\n<li>Additive und subtraktive Formkonstruktionen aus Kuben sowie Kreisdarstellungen in perspektivischer Ansicht (Verzerrung zur Ellipse)<\/li>\n<\/ul>\n\n\n\n<h3 class=\"wp-block-heading\">Auftrag<\/h3>\n\n\n\n<p>In diesen Auftrag soll eine &#8222;Stadt&#8220; entwickelt werden. Diese Stadt besteht aus einer Ansammlung von H\u00e4usern. Vor der Stadt f\u00fchrt eine Br\u00fccke \u00fcber einen Fluss. Zudem sind im Bild noch ein Fahrzeug (z.B. ein Buss) und ein fliegendes Element (z.B. ein Heissluftballon) zu sehen, welche jedoch vom Bildrand angeschnitten sind. Figuren d\u00fcrfen die Stadtansicht ebenfalls besiedeln.<\/p>\n\n\n\n<p>Die groben Elemente und die Komposition der Zeichnung sollen zuerst auf einem Skizzenpapier entwickelt und erst dann auf das Papier \u00fcbertragen und ausgef\u00fchrt werden. Die Zeichnung ist linear mit Bleistift zu entwickeln und soll erst in einem zweiten Schritt mit Malfarben ausgearbeitet werden. Dabei ist auf die die Farbperspektive sowie auf Licht und Schatten zu achten.<\/p>\n\n\n\n<h3 class=\"wp-block-heading\">Kriterien<\/h3>\n\n\n\n<ul class=\"wp-block-list\">\n<li>\u00dcberzeugende Fluchtpunktperspektive\u00a0mit spannender Komposition<\/li>\n\n\n\n<li>Farbgestaltung mit Licht-Schatten-Modellierung und evtl. Farbperspektive<\/li>\n\n\n\n<li>B\/M Gesamteindruck (Erz\u00e4hlerische Qualit\u00e4t, Einhaltung der Vorgaben, Unerwartetes, &#8230;)<\/li>\n<\/ul>\n\n\n\n<h3 class=\"wp-block-heading\">Vorgaben\/Material<\/h3>\n\n\n\n<p>Skizzenpapier, A3-Zeichnepapier, Bleistift und Gouache.<\/p>\n\n\n\n<div style=\"height:61px\" aria-hidden=\"true\" class=\"wp-block-spacer\"><\/div>\n\n\n\n<hr class=\"wp-block-separator has-alpha-channel-opacity\"\/>\n\n\n\n<pre class=\"wp-block-preformatted\">Beitragsbild: Vedute von San Giovanni e Paolo in Venedig, ca. 1725, von Canaletto (gemeinfrei via <a href=\"https:\/\/commons.wikimedia.org\/wiki\/File:Giovanni_Antonio_Canal,_il_Canaletto_-_Santi_Giovanni_e_Paolo_and_the_Scuola_di_San_Marco_-_WGA03859.jpg?uselang=de\">wp<\/a>)<\/pre>\n\n\n\n<p>&nbsp;<\/p>\n","protected":false},"excerpt":{"rendered":"<p>Malerische Darstellung einer Stadt mit Fluchtpunktperspektive, Lokalfarben, Farbperspektive etc.<\/p>\n","protected":false},"author":1,"featured_media":10796,"comment_status":"open","ping_status":"open","sticky":false,"template":"","format":"standard","meta":{"_acf_changed":false,"footnotes":""},"categories":[15],"tags":[30,29,22,27,25],"class_list":["post-19","post","type-post","status-publish","format-standard","has-post-thumbnail","hentry","category-auftraege","tag-bildnerische-mittel","tag-bildraum-perspektive","tag-farbe","tag-malerei","tag-zeichnung"],"acf":[],"_links":{"self":[{"href":"https:\/\/kunstunterricht.ch\/e\/wp-json\/wp\/v2\/posts\/19","targetHints":{"allow":["GET"]}}],"collection":[{"href":"https:\/\/kunstunterricht.ch\/e\/wp-json\/wp\/v2\/posts"}],"about":[{"href":"https:\/\/kunstunterricht.ch\/e\/wp-json\/wp\/v2\/types\/post"}],"author":[{"embeddable":true,"href":"https:\/\/kunstunterricht.ch\/e\/wp-json\/wp\/v2\/users\/1"}],"replies":[{"embeddable":true,"href":"https:\/\/kunstunterricht.ch\/e\/wp-json\/wp\/v2\/comments?post=19"}],"version-history":[{"count":6,"href":"https:\/\/kunstunterricht.ch\/e\/wp-json\/wp\/v2\/posts\/19\/revisions"}],"predecessor-version":[{"id":10803,"href":"https:\/\/kunstunterricht.ch\/e\/wp-json\/wp\/v2\/posts\/19\/revisions\/10803"}],"wp:featuredmedia":[{"embeddable":true,"href":"https:\/\/kunstunterricht.ch\/e\/wp-json\/wp\/v2\/media\/10796"}],"wp:attachment":[{"href":"https:\/\/kunstunterricht.ch\/e\/wp-json\/wp\/v2\/media?parent=19"}],"wp:term":[{"taxonomy":"category","embeddable":true,"href":"https:\/\/kunstunterricht.ch\/e\/wp-json\/wp\/v2\/categories?post=19"},{"taxonomy":"post_tag","embeddable":true,"href":"https:\/\/kunstunterricht.ch\/e\/wp-json\/wp\/v2\/tags?post=19"}],"curies":[{"name":"wp","href":"https:\/\/api.w.org\/{rel}","templated":true}]}}