{"id":180,"date":"2007-10-28T21:37:12","date_gmt":"2007-10-28T21:37:12","guid":{"rendered":"https:\/\/kunstunterricht.ch\/e\/2007\/10\/28\/malerei-der-spten-neuzeit\/"},"modified":"2024-11-19T13:48:50","modified_gmt":"2024-11-19T13:48:50","slug":"malerei-der-spten-neuzeit","status":"publish","type":"post","link":"https:\/\/kunstunterricht.ch\/e\/malerei-der-spten-neuzeit\/","title":{"rendered":"Malerei der sp\u00e4ten Neuzeit"},"content":{"rendered":"\n<p>Insbesondere das 19. Jahrhundert ist von verschiedensten Positionen gepr\u00e4gt. Nach dem Barock gibt es keine allumfassende Stilepochen mehr, dennoch lassen sich wesentliche Stilrichtungen festhalten.<\/p>\n\n\n\n<!--more-->\n\n\n\n<p>Zur Beitrags\u00fcbersicht: <a href=\"https:\/\/kunstunterricht.ch\/e\/geschichte-der-malerei\/#inhalt\">Geschichte der Malerei<\/a>.<\/p>\n\n\n\n<h3 class=\"wp-block-heading\">Klassizismus (1780 bis 1830)<\/h3>\n\n\n\n<p>Im Klassizismus verfolgten die K\u00fcnstler nach dem verschn\u00f6rkelten und unnat\u00fcrlich wirkenden Rokoko wieder das Ideal der Antike, was durch Forschung der Geschichte und Ausgrabungen von Pompeji und Herculaneum vorangetrieben wurde (Begr\u00fcnder der wissenschaftlichen Arch\u00e4ologe Johann Joachim Winckelmann, 1717-1768). Das Rationale \u00fcberwiegt den emotional-sinnlichen Genuss, der im Barock und Rokoko vorherrschte. Klassizistische Malerei findet vorwiegend in Deutschland und intensiv in Frankreich statt, wo im Barock das antike Vorbild seit der Renaissance dominierte.<\/p>\n\n\n\n<p><strong>Form<\/strong>: Einfache und \u00fcbersichtliche Kompositionen, die stark am Bildrand ausgerichtet sind, wenige aber klar gegliederte Raumelemente, Verzicht auf dekorative Schn\u00f6rkel, auffallende Geb\u00e4rdensprache der Figuren, Betonung der Linie&nbsp; durch z.B. harte Umrisslinien, klare Farbgebung, wobei die Form dominiert<\/p>\n\n\n\n<p><strong>Inhalt<\/strong>: Politische und belehrende Themen oft in Metaphern der r\u00f6mischen Mythologie (Zeitgeist der franz\u00f6sischen Revolution), ab der Zeit Napoleons vorwiegend heroisierende Portraitmalerei, Schlachtenportraits, aber auch Landschafts- und Aktbilder<\/p>\n\n\n\n<div class=\"wp-block-columns is-layout-flex wp-container-core-columns-is-layout-28f84493 wp-block-columns-is-layout-flex\">\n<div class=\"wp-block-column is-layout-flow wp-block-column-is-layout-flow\">\n<figure class=\"wp-block-image size-large\"><a href=\"https:\/\/commons.wikimedia.org\/wiki\/File:David-Oath_of_the_Horatii-1784.jpg\"><img decoding=\"async\" src=\"https:\/\/upload.wikimedia.org\/wikipedia\/commons\/thumb\/b\/bb\/David-Oath_of_the_Horatii-1784.jpg\/620px-David-Oath_of_the_Horatii-1784.jpg\" alt=\"\"\/><\/a><\/figure>\n\n\n\n<p><a href=\"https:\/\/de.wikipedia.org\/wiki\/Der_Schwur_der_Horatier\">Der Schwur der Horatier<\/a><em>,<\/em><br><em>1784,&nbsp;<\/em><a href=\"\/\/commons.wikimedia.org\/wiki\/Jacques-Louis_David\">David<\/a><\/p>\n<\/div>\n\n\n\n<div class=\"wp-block-column is-layout-flow wp-block-column-is-layout-flow\">\n<figure class=\"wp-block-image size-full\"><a href=\"https:\/\/de.wikipedia.org\/wiki\/Datei:Venus_\u00fcberredet_Helena_Paris_zu_erh\u00f6ren_(1790)_-_Angelica_Kauffmann_(Hermitage,_St._Petersburg).jpg\"><img loading=\"lazy\" decoding=\"async\" width=\"601\" height=\"480\" src=\"https:\/\/kunstunterricht.ch\/e\/wp-content\/uploads\/2007\/10\/1790_Kauffmann_Venus_ueberredet_Helena_Paris_zu_erhoeren_wm.jpg\" alt=\"\" class=\"wp-image-8984\" srcset=\"https:\/\/kunstunterricht.ch\/e\/wp-content\/uploads\/2007\/10\/1790_Kauffmann_Venus_ueberredet_Helena_Paris_zu_erhoeren_wm.jpg 601w, https:\/\/kunstunterricht.ch\/e\/wp-content\/uploads\/2007\/10\/1790_Kauffmann_Venus_ueberredet_Helena_Paris_zu_erhoeren_wm-300x240.jpg 300w\" sizes=\"auto, (max-width: 601px) 100vw, 601px\" \/><\/a><\/figure>\n\n\n\n<p><em>Venus \u00fcberredet Helena Paris zu erh\u00f6ren, 1790,&nbsp;<\/em><a href=\"\/\/de.wikipedia.org\/wiki\/Angelika_Kauffmann\">Kauffmann<\/a><\/p>\n<\/div>\n\n\n\n<div class=\"wp-block-column is-layout-flow wp-block-column-is-layout-flow\">\n<figure class=\"wp-block-image size-large\"><a href=\"https:\/\/commons.wikimedia.org\/wiki\/File:Johann_Heinrich_Wilhelm_Tischbein_-_Goethe_in_der_roemischen_Campagna.jpg#\"><img decoding=\"async\" src=\"https:\/\/upload.wikimedia.org\/wikipedia\/commons\/thumb\/4\/44\/Johann_Heinrich_Wilhelm_Tischbein_-_Goethe_in_der_roemischen_Campagna.jpg\/306px-Johann_Heinrich_Wilhelm_Tischbein_-_Goethe_in_der_roemischen_Campagna.jpg\" alt=\"\"\/><\/a><\/figure>\n\n\n\n<p><a href=\"https:\/\/de.wikipedia.org\/wiki\/Goethe_in_der_Campagna\">Goethe in der Campagna<\/a><em>, 1787,&nbsp;<\/em><a href=\"\/\/de.wikipedia.org\/wiki\/Johann_Heinrich_Wilhelm_Tischbein\">Tischbein<\/a><\/p>\n<\/div>\n<\/div>\n\n\n\n<div class=\"wp-block-columns is-layout-flex wp-container-core-columns-is-layout-28f84493 wp-block-columns-is-layout-flex\">\n<div class=\"wp-block-column is-layout-flow wp-block-column-is-layout-flow\">\n<figure class=\"wp-block-image size-large\"><a href=\"https:\/\/commons.wikimedia.org\/wiki\/File:Death_of_Marat_by_David.jpg\"><img decoding=\"async\" src=\"https:\/\/upload.wikimedia.org\/wikipedia\/commons\/thumb\/a\/aa\/Death_of_Marat_by_David.jpg\/373px-Death_of_Marat_by_David.jpg\" alt=\"\"\/><\/a><\/figure>\n\n\n\n<p><a href=\"https:\/\/de.wikipedia.org\/wiki\/Der_Tod_des_Marat\">Der Tod des Marat<\/a><em>,<\/em><br><em>1793,&nbsp;<\/em><a href=\"\/\/commons.wikimedia.org\/wiki\/Jacques-Louis_David\">David<\/a><\/p>\n<\/div>\n\n\n\n<div class=\"wp-block-column is-layout-flow wp-block-column-is-layout-flow\">\n<figure class=\"wp-block-image size-large\"><a href=\"https:\/\/commons.wikimedia.org\/wiki\/File:Jean_Auguste_Dominique_Ingres_-_The_Spring_-_Google_Art_Project_2.jpg\"><img decoding=\"async\" src=\"https:\/\/upload.wikimedia.org\/wikipedia\/commons\/thumb\/4\/46\/Jean_Auguste_Dominique_Ingres_-_The_Spring_-_Google_Art_Project_2.jpg\/240px-Jean_Auguste_Dominique_Ingres_-_The_Spring_-_Google_Art_Project_2.jpg\" alt=\"\"\/><\/a><\/figure>\n\n\n\n<p><em>Die Quelle,<\/em><br><em>1856<\/em>, <a href=\"\/\/de.wikipedia.org\/wiki\/Jean-Auguste-Dominique_Ingres\">Ingres<\/a><\/p>\n<\/div>\n\n\n\n<div class=\"wp-block-column is-layout-flow wp-block-column-is-layout-flow\">\n<figure class=\"wp-block-image size-large\"><a href=\"https:\/\/commons.wikimedia.org\/wiki\/File:Jean-Auguste-Dominique_Ingres_-_La_Baigneuse_Valpin\u00e7on.jpg\"><img decoding=\"async\" src=\"https:\/\/upload.wikimedia.org\/wikipedia\/commons\/thumb\/4\/44\/Jean-Auguste-Dominique_Ingres_-_La_Baigneuse_Valpin\u00e7on.jpg\/322px-Jean-Auguste-Dominique_Ingres_-_La_Baigneuse_Valpin\u00e7on.jpg\" alt=\"\"\/><\/a><\/figure>\n\n\n\n<p><em>Die Badende von<\/em><br><em>Valpincon,<\/em><br><em>1808,&nbsp;<\/em><a href=\"\/\/de.wikipedia.org\/wiki\/Jean-Auguste-Dominique_Ingres\">Ingres<\/a><\/p>\n<\/div>\n<\/div>\n\n\n\n<p><strong>Technik<\/strong>: Erweiterung der bestehenden M\u00f6glichkeiten durch die Lithografie<\/p>\n\n\n\n<p><strong>Vertreter<\/strong>: In Deutschland <a href=\"http:\/\/de.wikipedia.org\/wiki\/Johann_Heinrich_Wilhelm_Tischbein\" target=\"_blank\" rel=\"noopener\">Johann Heinrich Wilhelm Tischbein<\/a> (1751-1829, Freund Goethes); In Frankreich <a href=\"http:\/\/de.wikipedia.org\/wiki\/Jacques_Louis_David\" target=\"_blank\" rel=\"noopener\">Jacques Louis David<\/a> (1748-1825, an der franz. Revolution beteiligt), <a href=\"http:\/\/de.wikipedia.org\/wiki\/Jean_Auguste_Dominique_Ingres\">Jean Auguste Dominique Ingres<\/a> (1780-1876, Sch\u00fcler Davids); In der Schweiz <a href=\"http:\/\/de.wikipedia.org\/wiki\/Angelika_Kauffmann\" target=\"_blank\" rel=\"noopener\">Angelika Kaufmann<\/a> (1741-1807, Mythologisches und Portraitmalerei), <a href=\"http:\/\/de.wikipedia.org\/wiki\/Johann_Heinrich_F%C3%BCssli\" target=\"_blank\" rel=\"noopener\">Johann Heinrich F\u00fcssli <\/a> (1741-1825). Weitere <a href=\"https:\/\/kunstunterricht.ch\/e\/kunstgeschichtsindex\/#klassizismus\">K\u00fcnstlerInnen und Werke<\/a>.<\/p>\n\n\n\n<h3 class=\"wp-block-heading\">Romantik (1800 bis 1840)<\/h3>\n\n\n\n<p>Die Romantik war eine von der Philosophie und Dichtung ausgehende Gegenbewegung zu einer verstandesbetonten Aufkl\u00e4rung. Die Geisteshaltung breitete sich besondere in England und Deutschland aus. In der Kunst richtete sie sich gegen den Klassizismus und wandte sich dem Mittelalters zu. Die K\u00fcnstler interessierten sich f\u00fcr das Emotionale, die Sehnsucht, das Phantastische, das M\u00e4rchenhafte, die Ewigkeit, die tiefe Religi\u00f6sit\u00e4t, das innige Naturerlebnis, das Fremdartige sowie die Werte der eigenen Heimat. Sie malen nicht nur die \u00e4ussere sondern auch ihre innere Welt. Es wurde ein individuelles und inniges Gef\u00fchl gesucht.<\/p>\n\n\n\n<p><strong>Form<\/strong>: Stimmungsvolle Atmosph\u00e4ren, teils Unterst\u00fctzung des symbolischen Gehaltes durch Ornamentales und symmetrische Komposition<\/p>\n\n\n\n<p><strong>Inhalt<\/strong>: Natur- und Landschaftsbilder (D\u00e4mmerung, Mondschein, Blick in die Ferne, Einsamkeit), Stadtidyllen, volkst\u00fcmliche Themen, Historienmalerei (inkl. &#8222;Aktualit\u00e4ten&#8220;)<\/p>\n\n\n\n<div class=\"wp-block-columns is-layout-flex wp-container-core-columns-is-layout-28f84493 wp-block-columns-is-layout-flex\">\n<div class=\"wp-block-column is-layout-flow wp-block-column-is-layout-flow\">\n<figure class=\"wp-block-image size-large\"><a href=\"https:\/\/commons.wikimedia.org\/wiki\/File:JEAN_LOUIS_TH\u00c9ODORE_G\u00c9RICAULT_-_La_Balsa_de_la_Medusa_(Museo_del_Louvre,_1818-19).jpg\"><img decoding=\"async\" src=\"https:\/\/upload.wikimedia.org\/wikipedia\/commons\/thumb\/1\/15\/JEAN_LOUIS_TH\u00c9ODORE_G\u00c9RICAULT_-_La_Balsa_de_la_Medusa_%28Museo_del_Louvre%2C_1818-19%29.jpg\/320px-JEAN_LOUIS_TH\u00c9ODORE_G\u00c9RICAULT_-_La_Balsa_de_la_Medusa_%28Museo_del_Louvre%2C_1818-19%29.jpg\" alt=\"\"\/><\/a><\/figure>\n\n\n\n<p><a href=\"https:\/\/de.wikipedia.org\/wiki\/Das_Flo%C3%9F_der_Medusa\">Das Floss der&nbsp; Medusa<\/a><em>, 1817-1821<\/em>, <a href=\"https:\/\/de.wikipedia.org\/wiki\/Th%C3%A9odore_G%C3%A9ricault\">G\u00e9ricault<\/a><\/p>\n<\/div>\n\n\n\n<div class=\"wp-block-column is-layout-flow wp-block-column-is-layout-flow\">\n<figure class=\"wp-block-image size-large\"><a href=\"https:\/\/commons.wikimedia.org\/wiki\/File:Joseph_Mallord_William_Turner,_English_-_The_Burning_of_the_Houses_of_Lords_and_Commons,_October_16,_1834_-_Google_Art_Project.jpg\"><img decoding=\"async\" src=\"https:\/\/upload.wikimedia.org\/wikipedia\/commons\/thumb\/c\/c3\/Joseph_Mallord_William_Turner%2C_English_-_The_Burning_of_the_Houses_of_Lords_and_Commons%2C_October_16%2C_1834_-_Google_Art_Project.jpg\/320px-Joseph_Mallord_William_Turner%2C_English_-_The_Burning_of_the_Houses_of_Lords_and_Commons%2C_October_16%2C_1834_-_Google_Art_Project.jpg\" alt=\"\"\/><\/a><\/figure>\n\n\n\n<p><em>Brand des house of parlament, 1834-1835,&nbsp;<\/em><a href=\"\/\/de.wikipedia.org\/wiki\/William_Turner\">Turner<\/a><\/p>\n<\/div>\n<\/div>\n\n\n\n<div class=\"wp-block-columns is-layout-flex wp-container-core-columns-is-layout-28f84493 wp-block-columns-is-layout-flex\">\n<div class=\"wp-block-column is-layout-flow wp-block-column-is-layout-flow\">\n<figure class=\"wp-block-image size-large is-resized\"><a href=\"https:\/\/commons.wikimedia.org\/wiki\/File:Caspar_David_Friedrich%27s_Chalk_Cliffs_on_R\u00fcgen.jpg\"><img decoding=\"async\" src=\"https:\/\/upload.wikimedia.org\/wikipedia\/commons\/thumb\/a\/a7\/Caspar_David_Friedrich%27s_Chalk_Cliffs_on_R\u00fcgen.jpg\/381px-Caspar_David_Friedrich%27s_Chalk_Cliffs_on_R\u00fcgen.jpg\" alt=\"\" style=\"width:201px;height:auto\"\/><\/a><\/figure>\n\n\n\n<p><a href=\"https:\/\/de.wikipedia.org\/wiki\/Kreidefelsen_auf_R%C3%BCgen\">Kreidefelsen auf<br>R\u00fcgen<\/a><em>, 1818, <\/em><a href=\"\/\/de.wikipedia.org\/wiki\/Caspar_David_Friedrich\">Friedrich<\/a><\/p>\n<\/div>\n\n\n\n<div class=\"wp-block-column is-layout-flow wp-block-column-is-layout-flow\">\n<figure class=\"wp-block-image size-large\"><a href=\"https:\/\/commons.wikimedia.org\/wiki\/File:Caspar_David_Friedrich_-_Der_M\u00f6nch_am_Meer_-_Google_Art_Project.jpg\"><img decoding=\"async\" src=\"https:\/\/upload.wikimedia.org\/wikipedia\/commons\/thumb\/2\/21\/Caspar_David_Friedrich_-_Der_M\u00f6nch_am_Meer_-_Google_Art_Project.jpg\/320px-Caspar_David_Friedrich_-_Der_M\u00f6nch_am_Meer_-_Google_Art_Project.jpg\" alt=\"\"\/><\/a><\/figure>\n\n\n\n<p><em>M\u00f6nch am Meer, 1808-1809,&nbsp;<\/em><a href=\"\/\/de.wikipedia.org\/wiki\/Caspar_David_Friedrich\">Friedrich<\/a><\/p>\n<\/div>\n\n\n\n<div class=\"wp-block-column is-layout-flow wp-block-column-is-layout-flow\">\n<figure class=\"wp-block-image size-large\"><a href=\"https:\/\/commons.wikimedia.org\/wiki\/File:Eug\u00e8ne_Delacroix_-_La_libert\u00e9_guidant_le_peuple.jpg\"><img decoding=\"async\" src=\"https:\/\/upload.wikimedia.org\/wikipedia\/commons\/thumb\/a\/a7\/Eug\u00e8ne_Delacroix_-_La_libert\u00e9_guidant_le_peuple.jpg\/303px-Eug\u00e8ne_Delacroix_-_La_libert\u00e9_guidant_le_peuple.jpg\" alt=\"\"\/><\/a><\/figure>\n\n\n\n<p><em>Die Freiheit f\u00fchrt das Volk, 1833<\/em>, <a href=\"\/\/commons.wikimedia.org\/wiki\/Eug%C3%A8ne_Delacroix\">Delacroix<\/a><\/p>\n<\/div>\n<\/div>\n\n\n\n<p><strong>Technik<\/strong>: Erweiterung der bestehenden M\u00f6glichkeiten durch den Stahlstich<\/p>\n\n\n\n<p><strong>Vertreter<\/strong>: In Deutschland <a href=\"http:\/\/de.wikipedia.org\/wiki\/Caspar_David_Friedrich\" target=\"_blank\" rel=\"noopener\">Caspar David Friedrich<\/a> (1774-1840), <a href=\"http:\/\/de.wikipedia.org\/wiki\/Philipp_Otto_Runge\" target=\"_blank\" rel=\"noopener\">Philipp Otto Runge<\/a> (1777-1810), die <a href=\"http:\/\/de.wikipedia.org\/wiki\/Nazarener_%28Kunst%29\" target=\"_blank\" rel=\"noopener\">Nazarener<\/a> auch Lukasbr\u00fcder genannt; In Frankreich <a href=\"http:\/\/de.wikipedia.org\/wiki\/Eug%C3%A8ne_Delacroix\" target=\"_blank\" rel=\"noopener\">Eug\u00e8ne Delacroix<\/a> (1799-1863),<a href=\"http:\/\/de.wikipedia.org\/wiki\/Th%C3%A9odore_G%C3%A9ricault\" target=\"_blank\" rel=\"noopener\">Th\u00e9odore G\u00e9ricault<\/a> (1791-1824, Fr\u00fchwerk noch Klassizismus) ; Fr\u00fcher Vertreter in England <a href=\"http:\/\/de.wikipedia.org\/wiki\/William_Turner\" target=\"_blank\" rel=\"noopener\">William Turner<\/a> (1775-1851, Schiffe, Wasser, Vorl\u00e4ufer des Impressionismus unter anderem durch seine schnelle Arbeitsweise und den momentgepr\u00e4gten Motiven), <a href=\"http:\/\/de.wikipedia.org\/wiki\/John_Constable\" target=\"_blank\" rel=\"noopener\">John Constable<\/a> (1776-1837), sp\u00e4ter die <a href=\"http:\/\/de.wikipedia.org\/wiki\/Pr%C3%A4raffaeliten\" target=\"_blank\" rel=\"noopener\">Pr\u00e4raffaeliten<\/a>. Weitere <a href=\"https:\/\/kunstunterricht.ch\/e\/kunstgeschichtsindex\/#romantik\">K\u00fcnstlerInnen und Werke<\/a>.<\/p>\n\n\n\n<h3 class=\"wp-block-heading\">Realismus (1830 bis 1880)<\/h3>\n\n\n\n<p>Der Realismus war eine Gegenbewegung zur Romantik und suchte nach dem tats\u00e4chlich Vorhandenen (Bekanntgabe der Fotografie 1839). Sie wies die stilisierten und idealisierten Darstellungen ab. Die Wahl des Motivs war wichtiger als seine Darstellung. Das Sch\u00f6ne und Wahre wurde in einfachen und banalen Motiven des Alltags gesucht, was in einer realistischen Art wiedergegeben wurde. Somit stiessen die Realisten bei konservativen Kunstkritiker und beim b\u00fcrgerlichen Publikum auf grosse Ablehnung. Diese erwartete von der Kunst durch Idealisierung eine Aufwertung des Lebens. Somit emanzipierten sich die K\u00fcnstler und begannen an dieser Stelle ohne R\u00fccksichtnahme auf Kunstkritiker und Publikum zu arbeiten.<\/p>\n\n\n\n<p><strong>Form<\/strong>: Zum realistischen Inhalt (wirklichkeitsnahe) nachvollziehbare und schonungslose Darstellung<\/p>\n\n\n\n<p><strong>Inhalt<\/strong>: Alltag, arbeitende Menschen (Anteilnahme an den sozial Schwachen), Industrie, Portrait<\/p>\n\n\n\n<div class=\"wp-block-columns is-layout-flex wp-container-core-columns-is-layout-28f84493 wp-block-columns-is-layout-flex\">\n<div class=\"wp-block-column is-layout-flow wp-block-column-is-layout-flow\">\n<figure class=\"wp-block-image size-large\"><a href=\"https:\/\/commons.wikimedia.org\/wiki\/File:Gustave_Courbet_018.jpg\"><img decoding=\"async\" src=\"https:\/\/upload.wikimedia.org\/wikipedia\/commons\/thumb\/9\/93\/Gustave_Courbet_018.jpg\/320px-Gustave_Courbet_018.jpg\" alt=\"\" style=\"object-fit:cover\"\/><\/a><\/figure>\n\n\n\n<p><em>Die Steinklopfer,<\/em> <em>1849<\/em>, <a href=\"\/\/de.wikipedia.org\/wiki\/Gustave_Courbet\">Courbet<\/a><\/p>\n<\/div>\n\n\n\n<div class=\"wp-block-column is-layout-flow wp-block-column-is-layout-flow\">\n<figure class=\"wp-block-image size-large\"><a href=\"https:\/\/commons.wikimedia.org\/wiki\/File:Gustave_Courbet_014.jpg\"><img decoding=\"async\" src=\"https:\/\/upload.wikimedia.org\/wikipedia\/commons\/thumb\/0\/04\/Gustave_Courbet_014.jpg\/304px-Gustave_Courbet_014.jpg\" alt=\"\"\/><\/a><\/figure>\n\n\n\n<p><em>Die Kornsieberin, <\/em><em>1855<\/em>, <a href=\"\/\/de.wikipedia.org\/wiki\/Gustave_Courbet\">Courbet<\/a><\/p>\n<\/div>\n\n\n\n<div class=\"wp-block-column is-layout-flow wp-block-column-is-layout-flow\">\n<figure class=\"wp-block-image size-large\"><a href=\"https:\/\/commons.wikimedia.org\/wiki\/File:Adolph_Menzel_-_Eisenwalzwerk_-_Google_Art_Project.jpg\"><img decoding=\"async\" src=\"https:\/\/upload.wikimedia.org\/wikipedia\/commons\/thumb\/4\/4a\/Adolph_Menzel_-_Eisenwalzwerk_-_Google_Art_Project.jpg\/320px-Adolph_Menzel_-_Eisenwalzwerk_-_Google_Art_Project.jpg\" alt=\"\"\/><\/a><\/figure>\n\n\n\n<p><em>Das Eisenwalzwerk, <\/em><em>1872-1875<\/em>, <a href=\"\/\/de.wikipedia.org\/wiki\/Adolph_Menzel\">Menzel<\/a><\/p>\n<\/div>\n<\/div>\n\n\n\n<div class=\"wp-block-columns is-layout-flex wp-container-core-columns-is-layout-28f84493 wp-block-columns-is-layout-flex\">\n<div class=\"wp-block-column is-layout-flow wp-block-column-is-layout-flow\" style=\"flex-basis:33.33%\">\n<figure class=\"wp-block-image size-large\"><a href=\"https:\/\/commons.wikimedia.org\/wiki\/File:Anker_Seifenbl\u00e4ser_1873.jpg\"><img decoding=\"async\" src=\"https:\/\/upload.wikimedia.org\/wikipedia\/commons\/thumb\/0\/03\/Anker_Seifenbl\u00e4ser_1873.jpg\/344px-Anker_Seifenbl\u00e4ser_1873.jpg\" alt=\"\"\/><\/a><\/figure>\n\n\n\n<p><em>Der Seifenbl\u00e4ser, <\/em><em>1873<\/em>, <a href=\"\/\/de.wikipedia.org\/wiki\/Albert_Anker\">Anker<\/a><\/p>\n<\/div>\n\n\n\n<div class=\"wp-block-column is-layout-flow wp-block-column-is-layout-flow\" style=\"flex-basis:66.66%\">\n<figure class=\"wp-block-image size-large\"><a href=\"https:\/\/commons.wikimedia.org\/wiki\/File:Millet_Gleaners.jpg\"><img decoding=\"async\" src=\"https:\/\/upload.wikimedia.org\/wikipedia\/commons\/thumb\/6\/64\/Millet_Gleaners.jpg\/600px-Millet_Gleaners.jpg\" alt=\"\"\/><\/a><\/figure>\n\n\n\n<p><em>Die \u00c4hrenleserinnen,<\/em> <em>1857<\/em>, <a href=\"\/\/de.wikipedia.org\/wiki\/Jean-Fran%C3%A7ois_Millet\">Millet<\/a><\/p>\n<\/div>\n<\/div>\n\n\n\n<p><strong>Vertreter<\/strong>: In Frankreich <a href=\"http:\/\/de.wikipedia.org\/wiki\/Jean-Fran%C3%A7ois_Millet\" target=\"_blank\" rel=\"noopener\">Jean-Fran\u00e7ois Millet<\/a> (1814-1875, oft der Erde zugewandte Bauern), <a href=\"http:\/\/de.wikipedia.org\/wiki\/Gustave_Courbet\" target=\"_blank\" rel=\"noopener\">Gustave Courbet<\/a> (1819-1877, Autodidakt, \u00fcberwindet die glatte Bildoberfl\u00e4che durch gelegentlich reliefartige Farbspuren mit Spachteln und Kratzen), <a href=\"http:\/\/de.wikipedia.org\/wiki\/Honor%C3%A9_Daumier\" target=\"_blank\" rel=\"noopener\">Honor\u00e9 Daumier<\/a> (1808-1879), <a href=\"http:\/\/de.wikipedia.org\/wiki\/Camille_Corot\" target=\"_blank\" rel=\"noopener\">Camille Corot<\/a> (1796-1875, Schule von Barbizon); In Deutschland <a href=\"http:\/\/de.wikipedia.org\/wiki\/Adolph_Menzel\" target=\"_blank\" rel=\"noopener\">Adolph Menzel <\/a> (1815-1905), <a href=\"http:\/\/de.wikipedia.org\/wiki\/Wilhelm_Leibl\" target=\"_blank\" rel=\"noopener\">Wilhelm Leibl<\/a> (1844-1900); In der Schweiz <a href=\"http:\/\/de.wikipedia.org\/wiki\/Albert_Anker\" target=\"_blank\" rel=\"noopener\">Albert Anker<\/a> (1831-1910), <a href=\"http:\/\/de.wikipedia.org\/wiki\/Rudolf_Koller\" target=\"_blank\" rel=\"noopener\">Rudolf Koller<\/a> (1828-1905), <a href=\"http:\/\/de.wikipedia.org\/wiki\/Robert_Z%C3%BCnd\" target=\"_blank\" rel=\"noopener\">Robert Z\u00fcnd<\/a> (1828-1909). Weitere <a href=\"https:\/\/kunstunterricht.ch\/e\/kunstgeschichtsindex\/#realismus\">K\u00fcnstlerInnen und Werke<\/a>.<\/p>\n\n\n\n<h3 class=\"wp-block-heading\">Impressionismus und Sp\u00e4timpressionismus (1860-1890)<\/h3>\n\n\n\n<p>Die Impressionisten (franz. &#8222;Impression&#8220; = Eindruck) interessierten sich nicht sonderlich f\u00fcr soziale oder politische Aussagen. Ihr Interesse galt der \u00e4usseren Erscheinung einer allt\u00e4glichen Umgebung, insbesondere eines fl\u00fcchtigen Augenblicks. Insofern ist der Impressionismus eine naturalistische Malerei, da die K\u00fcnstler nach der Natur malten. Das Augenmerk lag auf der Impression fl\u00fcchtiger Effekte. Darum arbeiteten die Maler haupts\u00e4chlich in der freien Natur (Plainair-\/Freilichtmalerei). Da der kurze Moment einer Erscheinung eingefangen werden wollte, verzichteten sie auf eine Vorzeichnung oder aufw\u00e4ndige Konstruktionshilfe wie die Linearperspektive. Es wurde mit schnellen Pinselstrichen gearbeitet und die Farbe auf der Leinwand gemischt. Die Aufmerksamkeit verschob sich vom Gegenstand selbst (Was) auf die malerische Behandlung des Gegenstandes (Wie), was als Vorarbeit der modernen Malerei verstanden werden kann. Viele moderne Stilrichtungen finden somit insbesondere im Sp\u00e4timpressionismus ihren Ursprung.<\/p>\n\n\n\n<p><strong>Form<\/strong>: Oft kommaartige Farbtupfen und -flecken werden nebeneinandergereiht, deshalb Aufl\u00f6sung der Umrisslinien und Ineinanderfliessen von Gegenstand und Hintergrund, pastosartiger Farbauftrag, die Leinwand ist an manchen Stellen ersichtlich, fast ungemischte Farben, helle Farbpalette, farbige Schatten (nicht unbunt), Darstellung von Lichtreflexionen, Farbperspektive (anstatt linearer Perspektive), angeschnittene Gegenst\u00e4nde (inspiriert von der Fotografie)<\/p>\n\n\n\n<p><strong>Inhalt<\/strong>: Insbesondere atmosph\u00e4rische und lichtdurchflutete Landschaften, Stillleben, Portrait und Akt, aber teils auch Interieur und Genrebilder<\/p>\n\n\n\n<div class=\"wp-block-columns is-layout-flex wp-container-core-columns-is-layout-28f84493 wp-block-columns-is-layout-flex\">\n<div class=\"wp-block-column is-layout-flow wp-block-column-is-layout-flow\">\n<figure class=\"wp-block-image size-large\"><a href=\"https:\/\/commons.wikimedia.org\/wiki\/File:\u00c9douard_Manet_-_Le_D\u00e9jeuner_sur_l%27herbe.jpg\"><img decoding=\"async\" src=\"https:\/\/upload.wikimedia.org\/wikipedia\/commons\/thumb\/f\/fc\/\u00c9douard_Manet_-_Le_D\u00e9jeuner_sur_l%27herbe.jpg\/305px-\u00c9douard_Manet_-_Le_D\u00e9jeuner_sur_l%27herbe.jpg\" alt=\"\"\/><\/a><\/figure>\n\n\n\n<p><a href=\"https:\/\/de.wikipedia.org\/wiki\/Das_Fr%C3%BChst%C3%BCck_im_Gr%C3%BCnen_%28Manet%29\">Fr\u00fchst\u00fcck im Freien<\/a>, 1863, <a href=\"\/\/de.wikipedia.org\/wiki\/%C3%89douard_Manet\">Manet<\/a><\/p>\n<\/div>\n\n\n\n<div class=\"wp-block-column is-layout-flow wp-block-column-is-layout-flow\">\n<figure class=\"wp-block-image size-large\"><a href=\"https:\/\/commons.wikimedia.org\/wiki\/File:Claude_Monet,_Impression,_soleil_levant.jpg\"><img decoding=\"async\" src=\"https:\/\/upload.wikimedia.org\/wikipedia\/commons\/thumb\/5\/54\/Claude_Monet%2C_Impression%2C_soleil_levant.jpg\/309px-Claude_Monet%2C_Impression%2C_soleil_levant.jpg\" alt=\"\"\/><\/a><\/figure>\n\n\n\n<p>Impression soleil levant, 1872, <a href=\"\/\/de.wikipedia.org\/wiki\/Claude_Monet\">Monet<\/a><\/p>\n<\/div>\n\n\n\n<div class=\"wp-block-column is-layout-flow wp-block-column-is-layout-flow\">\n<figure class=\"wp-block-image size-large\"><a href=\"https:\/\/commons.wikimedia.org\/wiki\/File:Edouard_Manet_010.jpg\"><img decoding=\"async\" src=\"https:\/\/upload.wikimedia.org\/wikipedia\/commons\/thumb\/9\/9b\/Edouard_Manet_010.jpg\/298px-Edouard_Manet_010.jpg\" alt=\"\"\/><\/a><\/figure>\n\n\n\n<p>Monet in seinem Atelier, 1874, <a href=\"\/\/en.wikipedia.org\/wiki\/%C3%89douard_Manet\">Manet<\/a><\/p>\n<\/div>\n<\/div>\n\n\n\n<div class=\"wp-block-columns is-layout-flex wp-container-core-columns-is-layout-28f84493 wp-block-columns-is-layout-flex\">\n<div class=\"wp-block-column is-layout-flow wp-block-column-is-layout-flow\">\n<figure class=\"wp-block-image size-large\"><a href=\"https:\/\/commons.wikimedia.org\/wiki\/File:Claude_Monet_-_Meules,_milieu_du_jour.jpg\"><img decoding=\"async\" src=\"https:\/\/upload.wikimedia.org\/wikipedia\/commons\/e\/e9\/Claude_Monet_-_Meules%2C_milieu_du_jour.jpg\" alt=\"\"\/><\/a><\/figure>\n\n\n\n<p>Getreideschober (Serie), 1890\/1891, <a href=\"\/\/de.wikipedia.org\/wiki\/Claude_Monet\">Monet<\/a><\/p>\n<\/div>\n\n\n\n<div class=\"wp-block-column is-layout-flow wp-block-column-is-layout-flow\">\n<figure class=\"wp-block-image size-large\"><a href=\"https:\/\/commons.wikimedia.org\/wiki\/File:Nature_morte_aux_pommes_et_aux_oranges,_par_Paul_C\u00e9zanne.jpg#\"><img decoding=\"async\" src=\"https:\/\/upload.wikimedia.org\/wikipedia\/commons\/thumb\/f\/f7\/Nature_morte_aux_pommes_et_aux_oranges%2C_par_Paul_C\u00e9zanne.jpg\/305px-Nature_morte_aux_pommes_et_aux_oranges%2C_par_Paul_C\u00e9zanne.jpg\" alt=\"\"\/><\/a><\/figure>\n\n\n\n<p>Stillleben mit \u00c4pfel und Orangen, 1895-1900, <a href=\"\/\/de.wikipedia.org\/wiki\/Paul_C%C3%A9zanne\">C\u00e9zanne<\/a><\/p>\n<\/div>\n<\/div>\n\n\n\n<p><strong>Vertreter<\/strong>: <a href=\"http:\/\/de.wikipedia.org\/wiki\/%C3%89douard_Manet\" target=\"_blank\" rel=\"noopener\">Edouard Manet<\/a> (1832-1883, Gruppenbildung nach Skandalbild &#8222;Fr\u00fchst\u00fcck im Freien&#8220;), <a href=\"http:\/\/de.wikipedia.org\/wiki\/Edgar_Degas\" target=\"_blank\" rel=\"noopener\">Edgar Degas<\/a> (1834-1917, scheinbar zuf\u00e4llige Bildausschnitte, arbeitet oft mit Pastell), <a href=\"http:\/\/de.wikipedia.org\/wiki\/Claude_Monet\" target=\"_blank\" rel=\"noopener\">Claude Monet<\/a> (1840-1926), <a href=\"http:\/\/de.wikipedia.org\/wiki\/Auguste_Renoir\" target=\"_blank\" rel=\"noopener\">Auguste Renoir<\/a> (1841-1919), <a href=\"http:\/\/de.wikipedia.org\/wiki\/Camille_Pissarro\" target=\"_blank\" rel=\"noopener\">Camille Pissarro<\/a> (1830-1903), <a href=\"http:\/\/de.wikipedia.org\/wiki\/Paul_C%C3%A9zanne\" target=\"_blank\" rel=\"noopener\">Paul C\u00e9zanne<\/a> (1839-1906, Vorl\u00e4ufer des Kubismus durch geometrisch angepasste Formen), <a href=\"http:\/\/de.wikipedia.org\/wiki\/Henri_Toulouse-Lautrec\" target=\"_blank\" rel=\"noopener\">Henri Toulouse-Lautrec<\/a> (1864-1901, Vorl\u00e4ufer des Jugendstils durch eine stilisierte und schwungvolle Linienf\u00fchrung), <a href=\"http:\/\/de.wikipedia.org\/wiki\/Paul_Gauguin\" target=\"_blank\" rel=\"noopener\">Paul Gauguin<\/a> (1848-1903, sp\u00e4ter auch Symbolismus, Vorl\u00e4ufer des Expressionismus durch eine emotional aussagekr\u00e4ftige Farbwahl), <a href=\"http:\/\/de.wikipedia.org\/wiki\/Vincent_van_Gogh\" target=\"_blank\" rel=\"noopener\">Vincent van Gogh<\/a> (1853-1890, Vorl\u00e4ufer des Expressionismus ebenfalls durch eine ausdrucksstarke Farbwahl und starken Duktus). Weitere <a href=\"https:\/\/kunstunterricht.ch\/e\/kunstgeschichtsindex\/#impressionismus\">K\u00fcnstlerInnen und Werke<\/a>.<\/p>\n\n\n\n<h3 class=\"wp-block-heading\">Pointillismus\/ Neoimpressionismus (1890-1900)<\/h3>\n\n\n\n<p>Georges Seurat entwickelte durch optische Theorien von Eug\u00e8ne Chevreul und Herman Helmholz den Pointillismus (auch Neoimpressionismus oder in Bezug auf die technische Machart Divisionismus genannt). Durch eine dichte Aneinanderreichung von kleinen Farbtupfen sollten die Farben erst auf der Netzhaut des Auges gemischt werden (retinale Mischung \/ optische Mischung) und somit eine hohe Leuchtkraft bzw. Farbqualit\u00e4t aufweisen. Diese aufw\u00e4ndige und ausdauernde Arbeit erfolgte im Atelier, weshalb der Neoimpressionismus diesbez\u00fcglich wenig mit dem Impressionismus zu tun hat. Das Revolution\u00e4re dieser Technik ist nicht etwa, wie erwartet, nur die Wirkung der Farbe, sondern das mit dem Resultat verbundene Aufl\u00f6sen und die Betonung geometrischer Formen im Bild. In dieser Hinsicht kann dem Neoimperssionismus eine Vorbereitung f\u00fcr den Kubismus und die Abstraktion bis zur Gegenstandslosigkeit zugesprochen werden.<\/p>\n\n\n\n<p><strong>Form<\/strong>: Punktartiger Duktus, geometriebetonte Gegenst\u00e4nde<\/p>\n\n\n\n<p><strong>Inhalt<\/strong>: Landschaften, Architekturen am Wasser, Figur und Akt<\/p>\n\n\n\n<div class=\"wp-block-columns is-layout-flex wp-container-core-columns-is-layout-28f84493 wp-block-columns-is-layout-flex\">\n<div class=\"wp-block-column is-layout-flow wp-block-column-is-layout-flow\" style=\"flex-basis:66.66%\">\n<figure class=\"wp-block-image size-large\"><a href=\"https:\/\/commons.wikimedia.org\/wiki\/File:Georges_Seurat_-_Les_Poseuses.jpg\"><img decoding=\"async\" src=\"https:\/\/upload.wikimedia.org\/wikipedia\/commons\/thumb\/1\/19\/Georges_Seurat_-_Les_Poseuses.jpg\/608px-Georges_Seurat_-_Les_Poseuses.jpg\" alt=\"\"\/><\/a><\/figure>\n\n\n\n<p>Les Poseuses, 1887, <a href=\"https:\/\/de.wikipedia.org\/wiki\/Georges_Seurat\">Seurat<\/a><\/p>\n<\/div>\n\n\n\n<div class=\"wp-block-column is-layout-flow wp-block-column-is-layout-flow\" style=\"flex-basis:33.33%\">\n<figure class=\"wp-block-image size-large\"><a href=\"https:\/\/de.m.wikipedia.org\/wiki\/Datei:Poseuse_debout,_de_face,_\u00e9tude_pour_Les_Poseuses_(ca._1887)_Georges_Seurat_(Mus\u00e9e_d%27Orsay).jpg\"><img decoding=\"async\" src=\"https:\/\/upload.wikimedia.org\/wikipedia\/commons\/thumb\/2\/21\/Poseuse_debout%2C_de_face%2C_\u00e9tude_pour_Les_Poseuses_%28ca._1887%29_Georges_Seurat_%28Mus\u00e9e_d%27Orsay%29.jpg\/296px-Poseuse_debout%2C_de_face%2C_\u00e9tude_pour_Les_Poseuses_%28ca._1887%29_Georges_Seurat_%28Mus\u00e9e_d%27Orsay%29.jpg\" alt=\"\"\/><\/a><\/figure>\n\n\n\n<p>Studie zu &#8222;Les Poseuses&#8220;, 1887, <a href=\"https:\/\/de.wikipedia.org\/wiki\/Georges_Seurat\">Seurat<\/a><\/p>\n<\/div>\n<\/div>\n\n\n\n<div class=\"wp-block-columns is-layout-flex wp-container-core-columns-is-layout-28f84493 wp-block-columns-is-layout-flex\">\n<div class=\"wp-block-column is-layout-flow wp-block-column-is-layout-flow\">\n<figure class=\"wp-block-image size-large\"><a href=\"https:\/\/de.wikipedia.org\/wiki\/Ein_Sonntagnachmittag_auf_der_Insel_La_Grande_Jatte\"><img decoding=\"async\" src=\"https:\/\/upload.wikimedia.org\/wikipedia\/commons\/4\/4d\/Georges_Seurat_-_Un_dimanche_apr\u00e8s-midi_\u00e0_l%27\u00cele_de_la_Grande_Jatte.jpg\" alt=\"\"\/><\/a><\/figure>\n\n\n\n<p><a href=\"https:\/\/de.wikipedia.org\/wiki\/Ein_Sonntagnachmittag_auf_der_Insel_La_Grande_Jatte\">Sonntagnachmittag auf der Insel &#8222;La Grande Jatte&#8220;<\/a>, 1886, <a href=\"https:\/\/de.wikipedia.org\/wiki\/Georges_Seurat\">Seurat<\/a><\/p>\n<\/div>\n\n\n\n<div class=\"wp-block-column is-layout-flow wp-block-column-is-layout-flow\">\n<figure class=\"wp-block-image size-large\"><a href=\"https:\/\/de.wikipedia.org\/wiki\/Datei:Paul_Signac_Collioure.jpg\"><img decoding=\"async\" src=\"https:\/\/upload.wikimedia.org\/wikipedia\/commons\/thumb\/8\/88\/Paul_Signac_Collioure.jpg\/295px-Paul_Signac_Collioure.jpg\" alt=\"\"\/><\/a><\/figure>\n\n\n\n<p>La Collioure, 1887, <a href=\"https:\/\/de.wikipedia.org\/wiki\/Paul_Signac\">Signac<\/a><\/p>\n<\/div>\n\n\n\n<div class=\"wp-block-column is-layout-flow wp-block-column-is-layout-flow\">\n<figure class=\"wp-block-image size-large\"><a href=\"https:\/\/commons.wikimedia.org\/wiki\/File:Signac2.jpg\"><img decoding=\"async\" src=\"https:\/\/upload.wikimedia.org\/wikipedia\/commons\/thumb\/1\/1f\/Signac2.jpg\/319px-Signac2.jpg\" alt=\"\"\/><\/a><\/figure>\n\n\n\n<p>Le petit d\u00e9jeuner, 1886-1887, <a href=\"https:\/\/de.wikipedia.org\/wiki\/Paul_Signac\">Signac<\/a><\/p>\n<\/div>\n<\/div>\n\n\n\n<p><strong>Vertreter<\/strong>: <a href=\"http:\/\/de.wikipedia.org\/wiki\/Georges_Seurat\" target=\"_blank\" rel=\"noopener\">Georges Seurat<\/a> (1859-1891), <a href=\"http:\/\/de.wikipedia.org\/wiki\/Paul_Signac\" target=\"_blank\" rel=\"noopener\">Paul Signac<\/a> (1863-1935), z.T. <a href=\"http:\/\/de.wikipedia.org\/wiki\/Cuno_Amiet\" target=\"_blank\" rel=\"noopener\">Cuno Amiet<\/a> (1868-1961). Weitere <a href=\"https:\/\/kunstunterricht.ch\/e\/kunstgeschichtsindex\/#Neoimpressionismus_Pointillismus\">K\u00fcnstlerInnen und Werke<\/a>.<\/p>\n\n\n\n<h3 class=\"wp-block-heading\">Symbolismus (1890-1920)<\/h3>\n\n\n\n<p>Der Symbolismus war wie die Romantik eine Gegenbewegung auf die vernunftsbetonte Aufkl\u00e4rung und gegen die Banalit\u00e4t im Realismus und Impressionismus. Vorl\u00e4ufer des Symbolismus waren Goya und Runge. Das Symbol wurde zum wichtigen Ausdrucksmittel. In der Folge beeinflusste der Symbolismus Jugendstil und Surrealismus.<\/p>\n\n\n\n<p><strong>Form<\/strong>: Steigerung der Farbe, Vereinfachung der Form, jedoch kein gestalterischer Kanon im engeren Sinn<\/p>\n\n\n\n<p><strong>Inhalt<\/strong>: Antike Mythologie und biblische Motive, Visionen, Traumbilder, irrationale Themen, Unerkl\u00e4rliches, Leidenschaft, Krankheit, Tod, S\u00fcnde etc.<\/p>\n\n\n\n<div class=\"wp-block-columns is-layout-flex wp-container-core-columns-is-layout-28f84493 wp-block-columns-is-layout-flex\">\n<div class=\"wp-block-column is-layout-flow wp-block-column-is-layout-flow\">\n<figure class=\"wp-block-image size-large\"><a href=\"https:\/\/de.m.wikipedia.org\/wiki\/Datei:Ferdinand_Hodler_-_Die_Nacht_(1889-90).jpg\"><img decoding=\"async\" src=\"https:\/\/upload.wikimedia.org\/wikipedia\/commons\/thumb\/1\/10\/Ferdinand_Hodler_-_Die_Nacht_%281889-90%29.jpg\/640px-Ferdinand_Hodler_-_Die_Nacht_%281889-90%29.jpg\" alt=\"\"\/><\/a><\/figure>\n\n\n\n<p>Die Nacht, 1889-1890, <a href=\"https:\/\/de.wikipedia.org\/wiki\/Ferdinand_Hodler\">Hodler<\/a><\/p>\n<\/div>\n\n\n\n<div class=\"wp-block-column is-layout-flow wp-block-column-is-layout-flow\">\n<figure class=\"wp-block-image size-large\"><a href=\"https:\/\/commons.wikimedia.org\/wiki\/File:Arnold_B\u00f6cklin_-_Die_Toteninsel_III_(Alte_Nationalgalerie,_Berlin).jpg\"><img decoding=\"async\" src=\"https:\/\/upload.wikimedia.org\/wikipedia\/commons\/thumb\/6\/65\/Arnold_B\u00f6cklin_-_Die_Toteninsel_III_%28Alte_Nationalgalerie%2C_Berlin%29.jpg\/640px-Arnold_B\u00f6cklin_-_Die_Toteninsel_III_%28Alte_Nationalgalerie%2C_Berlin%29.jpg\" alt=\"\"\/><\/a><\/figure>\n\n\n\n<p>Die Toteninsel (Version 3), 1883, <a href=\"https:\/\/en.wikipedia.org\/wiki\/Arnold_B\u00f6cklin\">B\u00f6cklin<\/a><\/p>\n<\/div>\n<\/div>\n\n\n\n<div class=\"wp-block-columns is-layout-flex wp-container-core-columns-is-layout-28f84493 wp-block-columns-is-layout-flex\">\n<div class=\"wp-block-column is-layout-flow wp-block-column-is-layout-flow\">\n<figure class=\"wp-block-image size-large\"><a href=\"https:\/\/de.m.wikipedia.org\/wiki\/Datei:Hodler_Holzf\u00e4ller.jpg\"><img decoding=\"async\" src=\"https:\/\/upload.wikimedia.org\/wikipedia\/commons\/1\/1e\/Hodler_Holzf\u00e4ller.jpg\" alt=\"\"\/><\/a><\/figure>\n\n\n\n<p>Der Holzf\u00e4ller, 1910, <a href=\"https:\/\/de.wikipedia.org\/wiki\/Ferdinand_Hodler\">Hodler<\/a><\/p>\n<\/div>\n\n\n\n<div class=\"wp-block-column is-layout-flow wp-block-column-is-layout-flow\">\n<figure class=\"wp-block-image size-large\"><a href=\"https:\/\/de.m.wikipedia.org\/wiki\/Datei:Ave_Maria_bei_der_\u00dcberfahrt_1886.jpg\"><img decoding=\"async\" src=\"https:\/\/upload.wikimedia.org\/wikipedia\/commons\/thumb\/5\/5b\/Ave_Maria_bei_der_\u00dcberfahrt_1886.jpg\/363px-Ave_Maria_bei_der_\u00dcberfahrt_1886.jpg\" alt=\"\"\/><\/a><\/figure>\n\n\n\n<p>Ave Maria bei der \u00dcberfahrt, 1886, <a href=\"https:\/\/de.wikipedia.org\/wiki\/Giovanni_Segantini\">Segantini<\/a><\/p>\n<\/div>\n\n\n\n<div class=\"wp-block-column is-layout-flow wp-block-column-is-layout-flow\">\n<figure class=\"wp-block-image size-large\"><a href=\"https:\/\/de.m.wikipedia.org\/wiki\/Datei:Sisyphus_by_von_Stuck.jpg\"><img decoding=\"async\" src=\"https:\/\/upload.wikimedia.org\/wikipedia\/commons\/thumb\/0\/0f\/Sisyphus_by_von_Stuck.jpg\/415px-Sisyphus_by_von_Stuck.jpg\" alt=\"\"\/><\/a><\/figure>\n\n\n\n<p>Sisyphus, 1920, <a href=\"https:\/\/de.wikipedia.org\/wiki\/Franz_von_Stuck\">von Stuck<\/a><\/p>\n<\/div>\n<\/div>\n\n\n\n<p><strong>Vertreter<\/strong>: <a href=\"http:\/\/de.wikipedia.org\/wiki\/Arnold_B%C3%B6cklin\" target=\"_blank\" rel=\"noopener\">Arnold B\u00f6cklin<\/a> (1827-1901, oft auch romantische Malerei), <a href=\"http:\/\/de.wikipedia.org\/wiki\/Giovanni_Segantini\" target=\"_blank\" rel=\"noopener\">Giovanni Segantini <\/a> (1858-1899, Hochgebirgsmalerei mit der Technik des Divisionismus\/Pointillismus), <a href=\"http:\/\/de.wikipedia.org\/wiki\/Ferdinand_Hodler\" target=\"_blank\" rel=\"noopener\">Ferdinand Hodler<\/a> (1853-1918, auch Jugendstil), <a href=\"http:\/\/de.wikipedia.org\/wiki\/Paul_Gauguin\" target=\"_blank\" rel=\"noopener\">Paul Gauguin<\/a> (1848-1903), <a href=\"http:\/\/de.wikipedia.org\/wiki\/Emile_Bernard\" target=\"_blank\" rel=\"noopener\">Emile Bernard<\/a> (1868-1941), <a href=\"http:\/\/de.wikipedia.org\/wiki\/Edvard_Munch\" target=\"_blank\" rel=\"noopener\">Edvard Munch <\/a> (1863-1944), <a href=\"http:\/\/de.wikipedia.org\/wiki\/Franz_von_Stuck\" target=\"_blank\" rel=\"noopener\">Franz von Stuck<\/a> (1863-1928). Weitere <a href=\"https:\/\/kunstunterricht.ch\/e\/kunstgeschichtsindex\/#symbolismus\">K\u00fcnstlerInnen und Werke<\/a>.<\/p>\n\n\n\n<h3 class=\"wp-block-heading\">Jugendstil (1890-1906)<\/h3>\n\n\n\n<p>Der Jugendstil (abgeleitet von der M\u00fcnchner Kunstzeitschrift &#8222;Jugend&#8220;) ist eine internationale Gesamtbewegung (franz. Art Nouveau, engl. Modern Style) in Architektur, Gestaltung und Kunst. Er ist gegen die Massenanfertigung der Industrie sowie gegen den Historismus in der Malerei und gilt als Vormoderne. Mit sehr aufwendig dekorativen Elementen und meist teuren Einzelanfertigungen bleibt er nur wenigen zug\u00e4nglich. Inspiriert vom Sp\u00e4timpressionismus (insbesondere von Henri Toulouse-Lautrec) und unter anderem vom japanischen Holzschnitt gibt es trotz der Gesamtbewegung wie in jedem Stil auch hier regionale und individuelle Unterschiede.<\/p>\n\n\n\n<p><strong>Form<\/strong>: Stilisierung, lineare betonung mit oft fl\u00e4chigen und ornamentalen Elemente (z.B. aus Pflanzenmotiven), grafisch vereinfachte, dekorative Farb- und Formgebung, elegante, schwungvolle Konturen und Formen, hohe formale Kontraste z.B. zwischen grossfl\u00e4chig und kleinteilig, organisch und geometrisch, wirklichkeitsnahe und abstrakt<\/p>\n\n\n\n<p><strong>Inhalt<\/strong>: Illustrationen zu M\u00e4rchen, Legenden und zeitgen\u00f6ssischer Literatur, Protrait, Landschaft<\/p>\n\n\n\n<p><\/p>\n\n\n\n<div class=\"wp-block-columns is-layout-flex wp-container-core-columns-is-layout-28f84493 wp-block-columns-is-layout-flex\">\n<div class=\"wp-block-column is-layout-flow wp-block-column-is-layout-flow\">\n<figure class=\"wp-block-image size-large\"><a href=\"https:\/\/commons.wikimedia.org\/wiki\/File:Beardsley_apotheose.jpg\"><img decoding=\"async\" src=\"https:\/\/upload.wikimedia.org\/wikipedia\/commons\/a\/aa\/Beardsley_apotheose.jpg\" alt=\"\"\/><\/a><\/figure>\n\n\n\n<p>Die Apotheose &#8211; Illustration zu Oscar Wildes &#8222;Salome&#8220;, 1894, <a href=\"https:\/\/de.wikipedia.org\/wiki\/Aubrey_Beardsley\">Beardsley<\/a><\/p>\n<\/div>\n\n\n\n<div class=\"wp-block-column is-layout-flow wp-block-column-is-layout-flow\">\n<figure class=\"wp-block-image size-large\"><a href=\"https:\/\/fr.m.wikipedia.org\/wiki\/Fichier:Mucha-Exhibition_Brooklyn_Museum-1921.jpg\"><img decoding=\"async\" src=\"https:\/\/upload.wikimedia.org\/wikipedia\/commons\/d\/d7\/Mucha-Exhibition_Brooklyn_Museum-1921.jpg\" alt=\"\"\/><\/a><\/figure>\n\n\n\n<p>Poster f\u00fcr eine Ausstellung in Brooklyn<br>1921, <a class=\"extiw\" title=\"en:Alfons Mucha\" href=\"\/\/en.wikipedia.org\/wiki\/Alfons_Mucha\">Mucha<\/a><\/p>\n<\/div>\n<\/div>\n\n\n\n<div class=\"wp-block-columns is-layout-flex wp-container-core-columns-is-layout-28f84493 wp-block-columns-is-layout-flex\">\n<div class=\"wp-block-column is-layout-flow wp-block-column-is-layout-flow\">\n<figure class=\"wp-block-image size-large\"><a href=\"https:\/\/de.m.wikipedia.org\/wiki\/Datei:Vallotton_Das_Bad_Sommerabend_1892.jpg\"><img decoding=\"async\" src=\"https:\/\/upload.wikimedia.org\/wikipedia\/commons\/thumb\/5\/5a\/Vallotton_Das_Bad_Sommerabend_1892.jpg\/320px-Vallotton_Das_Bad_Sommerabend_1892.jpg\" alt=\"\"\/><\/a><\/figure>\n\n\n\n<p>Das Bad, 1892, <a class=\"extiw\" title=\"de:F\u00e9lix Vallotton\" href=\"\/\/de.wikipedia.org\/wiki\/F%C3%A9lix_Vallotton\">Vallotton<\/a><\/p>\n<\/div>\n\n\n\n<div class=\"wp-block-column is-layout-flow wp-block-column-is-layout-flow\">\n<figure class=\"wp-block-image size-large\"><a href=\"https:\/\/de.m.wikipedia.org\/wiki\/Datei:Gustav_Klimt_008.jpg\"><img decoding=\"async\" src=\"https:\/\/upload.wikimedia.org\/wikipedia\/commons\/thumb\/4\/4e\/Gustav_Klimt_008.jpg\/232px-Gustav_Klimt_008.jpg\" alt=\"\"\/><\/a><\/figure>\n\n\n\n<p>Buchenhain, 1902, <a class=\"extiw\" title=\"en:Gustav Klimt\" href=\"\/\/en.wikipedia.org\/wiki\/Gustav_Klimt\">Klimt<\/a><\/p>\n<\/div>\n\n\n\n<div class=\"wp-block-column is-layout-flow wp-block-column-is-layout-flow\">\n<figure class=\"wp-block-image size-large\"><a href=\"https:\/\/commons.wikimedia.org\/wiki\/File:The_Kiss_-_Gustav_Klimt_-_Google_Cultural_Institute.jpg\"><img decoding=\"async\" src=\"https:\/\/upload.wikimedia.org\/wikipedia\/commons\/thumb\/4\/40\/The_Kiss_-_Gustav_Klimt_-_Google_Cultural_Institute.jpg\/239px-The_Kiss_-_Gustav_Klimt_-_Google_Cultural_Institute.jpg\" alt=\"\"\/><\/a><\/figure>\n\n\n\n<p><a href=\"https:\/\/de.wikipedia.org\/wiki\/Der_Kuss_(Klimt)\">Der Kuss<\/a>, 1907-1808, <a href=\"https:\/\/de.wikipedia.org\/wiki\/Gustav_Klimt\">Klimt<\/a><\/p>\n<\/div>\n<\/div>\n\n\n\n<p><strong>Vertreter<\/strong>: <a href=\"http:\/\/de.wikipedia.org\/wiki\/Alfons_Mucha\" target=\"_blank\" rel=\"noopener\">Alfons Mucha<\/a> (1860-1939), <a href=\"http:\/\/de.wikipedia.org\/wiki\/Gustav_Klimt\" target=\"_blank\" rel=\"noopener\">Gustav Klimt<\/a> (1862-1918),<a href=\"http:\/\/de.wikipedia.org\/wiki\/Aubrey_Beardsley\" target=\"_blank\" rel=\"noopener\"> Aubrey Beardsley<\/a> (1872-1898), teils <a href=\"http:\/\/de.wikipedia.org\/wiki\/F%C3%A9lix_Vallotton\" target=\"_blank\" rel=\"noopener\">Felix Vallotton<\/a> (1865-1925), K\u00fcnstlergemeinschaften: z.b. <a href=\"http:\/\/de.wikipedia.org\/wiki\/Wiener_Secession\" target=\"_blank\" rel=\"noopener\">Wiener Secession<\/a>. Weitere <a href=\"https:\/\/kunstunterricht.ch\/e\/kunstgeschichtsindex\/#jugendstil\">K\u00fcnstlerInnen und Werke<\/a>.<\/p>\n\n\n\n<p>Zur\u00fcck zur Beitrags\u00fcbersicht: <a href=\"https:\/\/kunstunterricht.ch\/e\/geschichte-der-malerei\/#inhalt\">Geschichte der Malerei<\/a>.<\/p>\n","protected":false},"excerpt":{"rendered":"<p>Insbesondere das 19. Jahrhundert ist von verschiedensten Positionen gepr\u00e4gt. Nach dem Barock gibt es keine allumfassende Stilepochen mehr, dennoch lassen sich wesentliche Stilrichtungen festhalten.<\/p>\n","protected":false},"author":1,"featured_media":1811,"comment_status":"closed","ping_status":"closed","sticky":false,"template":"","format":"standard","meta":{"_acf_changed":false,"footnotes":""},"categories":[18],"tags":[24],"class_list":["post-180","post","type-post","status-publish","format-standard","has-post-thumbnail","hentry","category-geschichte","tag-kunstgeschichte-bildwissenschaft"],"acf":[],"_links":{"self":[{"href":"https:\/\/kunstunterricht.ch\/e\/wp-json\/wp\/v2\/posts\/180","targetHints":{"allow":["GET"]}}],"collection":[{"href":"https:\/\/kunstunterricht.ch\/e\/wp-json\/wp\/v2\/posts"}],"about":[{"href":"https:\/\/kunstunterricht.ch\/e\/wp-json\/wp\/v2\/types\/post"}],"author":[{"embeddable":true,"href":"https:\/\/kunstunterricht.ch\/e\/wp-json\/wp\/v2\/users\/1"}],"replies":[{"embeddable":true,"href":"https:\/\/kunstunterricht.ch\/e\/wp-json\/wp\/v2\/comments?post=180"}],"version-history":[{"count":24,"href":"https:\/\/kunstunterricht.ch\/e\/wp-json\/wp\/v2\/posts\/180\/revisions"}],"predecessor-version":[{"id":9050,"href":"https:\/\/kunstunterricht.ch\/e\/wp-json\/wp\/v2\/posts\/180\/revisions\/9050"}],"wp:featuredmedia":[{"embeddable":true,"href":"https:\/\/kunstunterricht.ch\/e\/wp-json\/wp\/v2\/media\/1811"}],"wp:attachment":[{"href":"https:\/\/kunstunterricht.ch\/e\/wp-json\/wp\/v2\/media?parent=180"}],"wp:term":[{"taxonomy":"category","embeddable":true,"href":"https:\/\/kunstunterricht.ch\/e\/wp-json\/wp\/v2\/categories?post=180"},{"taxonomy":"post_tag","embeddable":true,"href":"https:\/\/kunstunterricht.ch\/e\/wp-json\/wp\/v2\/tags?post=180"}],"curies":[{"name":"wp","href":"https:\/\/api.w.org\/{rel}","templated":true}]}}